{"id":1033,"date":"2016-07-14T12:58:16","date_gmt":"2016-07-14T11:58:16","guid":{"rendered":"http:\/\/www.frankfurter-malerei.de\/?p=1033"},"modified":"2019-02-18T16:41:46","modified_gmt":"2019-02-18T15:41:46","slug":"rundschreiben-2-2016","status":"publish","type":"post","link":"https:\/\/www.frankfurter-malerei.de\/?p=1033","title":{"rendered":"Rundschreiben 2\/2016"},"content":{"rendered":"<p>Sehr geehrte Damen und Herren,<br \/>\nliebe Kunstfreunde,<\/p>\n<p>zum Gedenken an unser Ehrenmitglied, seine K\u00f6nigliche Hoheit Landgraf Moritz von Hessen, der am 23. Mai 2013 von uns gegangen ist, haben wir  am 18. Juni 2016 mit den Bewohnern des Cronstetten-Hauses eine Exkursion nach Fulda und zum Schloss Fasanerie in Eichenzell veranstaltet.<br \/>\nNach tagelangem Regenwetter konnten wir  einen Tag  bei Sonnenschein genie\u00dfen.<br \/>\nNach einer F\u00fchrung durch die Stadt, mit Besichtigung, der in den Jahren 820-822 erbauten Michaelskirche, in karolingischem vor romanischen Baustil, wurden wir am Nachmittag in der Fasanerie durch die R\u00e4ume des Schlosses  gef\u00fchrt.<br \/>\nDie R\u00e4umlichkeiten vermitteln einen Eindruck vom f\u00fcrstlichen  Leben des 18. und 19. Jahrhunderts. Unter den Gem\u00e4lden dieser Zeit Periode befindet sich ein Zyklus  von sechs  gro\u00dfen Darstellungen von Johann Heinrich Tischbein d. \u00c4 (1772-1789) und ein ber\u00fchmtes Gem\u00e4lde von Franz  Xaver Winterhalter (1805-1873).<\/p>\n<p>Am 3. Juli 2016 haben im Namen des Vorstands und aller Mitglieder unser langj\u00e4hriges Kuratoriumsmitglied, Herrn Dr. Werner Montag, General Konsul a.D., mit einer ganz besonderen Torte zum 95. Geburtstag gratuliert. Wir bedanken uns f\u00fcr seine bis heute immer noch wertvolle Unterst\u00fctzung unserer Arbeit und w\u00fcnschen ihm f\u00fcr die Zukunft alles Gute, Gesundheit und weiteres Wohlergehen.<\/p>\n<p>Zu unserem Sommerfest am 13.August 2016, ab 18.00 Uhr, l\u00e4dt auch in diesem Jahr unser Schatzmeister, Herr Helmut Reifschneider, alle Mitglieder und G\u00e4ste in die Schwindstr. 7, im Frankfurter Westend, ein. Es erwartet Sie ein spannender und interessanter Abend voller \u00dcberraschungen. Bitte geben Sie Ihre Teilnahme an folgende E-Mail Adresse bis zum 7. August 2016, bekannt: daria.heller@gmx.de.<\/p>\n<p>Unsere Reise nach Emmendingen, der Geburtsort von Fritz Boehle, musste in den Herbst 2016 verschoben werden. Wir wollen uns die Feierlichkeiten, die dort ab dem 20. Oktober 2016  zu seinem 100. Todestag stattfinden, nicht entgehen lassen und die Gedenkausstellung, mit unbekannten Gem\u00e4lden des K\u00fcnstlers, besuchen. Der Termin wird in unserem n\u00e4chsten Rundschreiben Ende September noch bekannt gegeben werden<\/p>\n<p>Wie mit Dr. Frank Hinrichs, dem neuen Leiter des Cronstetten-Hauses, vereinbart, werden wir unsere Atelierbesuche weiterhin fortsetzen. Der Atelierbesuch in Schotten bei unserer Malerin, Frau Helga Barth, wird im Laufe des Jahres 2017 stattfinden.<\/p>\n<p>Wir werden aber f\u00fcr den 13. September 2016 einen Atelierbesuch bei Frau Doris Schmidt-Haub in Hanau, organisieren. Der K\u00fcnstlerbund Semplicius, bei welchem  Frau Schmidt-Haub auch Mitglied ist, stellt uns, f\u00fcr die Pr\u00e4sentation der Gem\u00e4lde, das Kunstkabinett von Schloss Philippsruhe (Hanau) zur Verf\u00fcgung. Daf\u00fcr bedanken wir uns bei Frau Ute Peukert,<br \/>\n1. Vorsitzenden, recht herzlich.<br \/>\nDa wir beabsichtigen das Schloss Philippsruhe per Schiff zu erreichen, ist unser Treffpunkt am Eiserner Steg (R\u00f6merseite)  am 13. September 2016 um 08.15 (Abfahrt) und 10.40 (Ankunft) in Hanau.<br \/>\nDort werden wir zuerst die Gem\u00e4lde unserer K\u00fcnstlerin im Kunstkabinett bis 13.00 Uhr mit fachlicher Einf\u00fchrung besichtigen.  Danach ist ein Mittagessen in einem naheliegenden Restaurant vorgesehen.  Ab 15.30 Uhr  beabsichtigen wir mit entsprechender F\u00fchrung im Schloss die Ausstellung  \u201eWiener Welten \u2013 Johann Peter Krafft (Hanau 1780-Wien 1856)\u201c, zu besuchen. Anschlie\u00dfend bei  einem gem\u00fctlichen Beisammensein bei Kaffee und Kuchen werden wir den Tag ausklingen lassen.<\/p>\n<p>2\/<br \/>\nDie R\u00fcckfahrt per Schiff ist um 18.30 Uhr vorgesehen. Die  Ankunft in Frankfurt am(Eiserner Steg) um 22.40 Uhr. Interessenten werden gebeten, sich bis Ende Juli per E-Mail bei mir zu melden unter: daria.heller@gmx.de.<br \/>\nZu diesem  Kunsterlebnis sind auch die Mitglieder der Museumsgruppe herzlich eingeladen und Sie werden von Herrn Helmut Reifschneider noch eine gesonderte Einladung im  August bekommen.<\/p>\n<p>Unsere Reise nach Wien ist, wie angek\u00fcndigt von 15. bis 19. September 2016  vorgesehen. Alle Teilnehmer der Exkursion treffen sich am 20. Juli 2016 bei Frau Wader, Am Niedwald 14, Frankfurt zu einer Vorbesprechung wie schon telefonisch mitgeteilt wurde<br \/>\nWir bedanken uns bei Frau Wader, dass sie so gro\u00dfz\u00fcgig ihre R\u00e4ume f\u00fcr dieses Treffen zur Verf\u00fcgung stellen wird.<\/p>\n<p>Zu unserer Gesamtvorstandsitzung am 28. September 2016 um 16.00 Uhr laden wir wieder in das  Cronstetten-Haus ein. Eine weitere Einladung wird Ihnen im September zugesandt.<\/p>\n<p>Gerne m\u00f6chten wir Sie noch auf zwei Ausstellungen aufmerksam machen: Frau Brigitte Gehl stellt im Haus der Volksarbeit Ihre Werke aus. Die talentierte Malerin pr\u00e4sentiert wieder ihre Bilder in pr\u00e4chtigen Farben. Die Ausstellung ist noch bis Ende Juli von Montag bis Freitag von 08.00 bis 20.00 Uhr zu sehen. Die Adresse ist:  Eschenheimer Anlage 1, 60318 Franfurt\/M, Tel.:069-1501-0.<br \/>\nAuch die Arbeiten von Ingrid Andersch sind in einer Gemeinschaftsausstellung in der Galerie am Rathaus in Eschborn bis 20.August zu sehen. Ihre Gem\u00e4lde voller Licht und Farbe bringen den Betrachter immer wieder in Staunen und Bewunderung. \u00d6ffnungszeiten Mo-Fr. 8 bis 12. Uhr, Mittwoch zus\u00e4tzlich 15.00 bis18.00 Uhr.<\/p>\n<p>Die Mitgliedsbeitr\u00e4ge wurden Ende April eingezogen. F\u00fcr diejenigen, die keine Einzugserm\u00e4chtigung haben und noch nicht gezahlt haben, liegt dem Rundschreiben<br \/>\neine Zahlungserinnerung bei.<\/p>\n<p>Gerne geben wir Ihnen wieder die Auktionstermine der Auktionsh\u00e4user D\u00f6britz und Arnold f\u00fcr die Monate September und November bekannt.<\/p>\n<p>Auktionshaus D\u00f6britz: (Tel: 069-287733), Braubachstr.10, 60311 Frankfurt.<br \/>\n20. Hafen-Auktion am Samstag, dem 17. September  2016.<br \/>\nJubil\u00e4umsauktion \u201e50 Jahre D\u00f6britz\u201c 19. November 2016.<\/p>\n<p>Auktionshaus Arnold: (Tel: 069-282779), Bleichstr. 40-42, 60313 Frankfurt<br \/>\nSchmuck-Auktion, am Samstag, dem 10. September 2016.<br \/>\nKunst-Auktion, am Samstag, dem 19. November 2016.<\/p>\n<p>Wir w\u00fcnschen allen unseren Mitgliedern und Freunden einen sch\u00f6nen und entspannten Sommer und allen, die Urlaub machen, freudige Erlebnisse und gute Erholung.<\/p>\n<p>Mit freundlichen Gr\u00fc\u00dfen<\/p>\n<p>Daria Bottero-Heller\t\t\t\t\t\t\tWilli M\u00fcller<\/p>\n","protected":false},"excerpt":{"rendered":"<p>Sehr geehrte Damen und Herren, liebe Kunstfreunde, zum Gedenken an unser Ehrenmitglied, seine K\u00f6nigliche Hoheit Landgraf Moritz von Hessen, der am 23. Mai 2013 von uns gegangen ist, haben wir am 18. Juni 2016 mit den Bewohnern des Cronstetten-Hauses eine &hellip; <a href=\"https:\/\/www.frankfurter-malerei.de\/?p=1033\">Weiterlesen <span class=\"meta-nav\">&rarr;<\/span><\/a><\/p>\n","protected":false},"author":2,"featured_media":0,"comment_status":"closed","ping_status":"open","sticky":false,"template":"","format":"standard","meta":{"rank_math_lock_modified_date":false,"footnotes":""},"categories":[24],"tags":[],"class_list":["post-1033","post","type-post","status-publish","format-standard","hentry","category-rundschreiben-3-2018"],"_links":{"self":[{"href":"https:\/\/www.frankfurter-malerei.de\/index.php?rest_route=\/wp\/v2\/posts\/1033","targetHints":{"allow":["GET"]}}],"collection":[{"href":"https:\/\/www.frankfurter-malerei.de\/index.php?rest_route=\/wp\/v2\/posts"}],"about":[{"href":"https:\/\/www.frankfurter-malerei.de\/index.php?rest_route=\/wp\/v2\/types\/post"}],"author":[{"embeddable":true,"href":"https:\/\/www.frankfurter-malerei.de\/index.php?rest_route=\/wp\/v2\/users\/2"}],"replies":[{"embeddable":true,"href":"https:\/\/www.frankfurter-malerei.de\/index.php?rest_route=%2Fwp%2Fv2%2Fcomments&post=1033"}],"version-history":[{"count":2,"href":"https:\/\/www.frankfurter-malerei.de\/index.php?rest_route=\/wp\/v2\/posts\/1033\/revisions"}],"predecessor-version":[{"id":1222,"href":"https:\/\/www.frankfurter-malerei.de\/index.php?rest_route=\/wp\/v2\/posts\/1033\/revisions\/1222"}],"wp:attachment":[{"href":"https:\/\/www.frankfurter-malerei.de\/index.php?rest_route=%2Fwp%2Fv2%2Fmedia&parent=1033"}],"wp:term":[{"taxonomy":"category","embeddable":true,"href":"https:\/\/www.frankfurter-malerei.de\/index.php?rest_route=%2Fwp%2Fv2%2Fcategories&post=1033"},{"taxonomy":"post_tag","embeddable":true,"href":"https:\/\/www.frankfurter-malerei.de\/index.php?rest_route=%2Fwp%2Fv2%2Ftags&post=1033"}],"curies":[{"name":"wp","href":"https:\/\/api.w.org\/{rel}","templated":true}]}}