{"id":1037,"date":"2016-12-19T13:09:12","date_gmt":"2016-12-19T12:09:12","guid":{"rendered":"http:\/\/www.frankfurter-malerei.de\/?p=1037"},"modified":"2019-02-18T16:38:49","modified_gmt":"2019-02-18T15:38:49","slug":"rundschreiben-4-2016","status":"publish","type":"post","link":"https:\/\/www.frankfurter-malerei.de\/?p=1037","title":{"rendered":"Rundschreiben 4\/2016"},"content":{"rendered":"<p>Sehr geehrte Damen und Herren,<br \/>\nliebe Kunstfreunde,<\/p>\n<p>v\u00f6llig unerwartet wurden in dieser vorweihnachtlichen Zeit zwei Vereinsmitglieder der ersten<br \/>\nStunde aus unserer Mitte gerissen.<br \/>\nUnser langj\u00e4hriges Mitglied,  Herr Hans-J\u00fcrgen Fittkau , der  ein Buch \u00fcber den Frankfurter Beckmann-Sch\u00fcler, Karl-Tratt  (1900-1937), herausgegeben hat und unser Mitglied des Kuratoriums, Herr Dieter Schneider, Jurist und Ministerialdirigent a.D., der trotz seiner langj\u00e4hrigen Krankheit  uns mit Rat und Tat immer zur Seite stand.<br \/>\nWir trauern mit deren Angeh\u00f6rigen und w\u00fcnschen ihnen viel Kraft f\u00fcr diese schwere Zeit. Wir werden die Verstorbenen immer in Erinnerung behalten.<\/p>\n<p>Unsere Ausstellung in der Stadtteilbibliothek in Griesheim :<br \/>\nRadierungen und Zeichnungen des  Frankfurter K\u00fcnstlers Fritz Boehle (1873-1916) &#8211; Eine Begegnung mit den Kindern der Boehleschule in Griesheim \u2013, war ein  gro\u00dfer<br \/>\nErfolg. Die Ausstellung  wurde mit  Anwesenheit des Kulturamtes von uns er\u00f6ffnet.  Die Frankfurter Neue Presse hat dar\u00fcber berichtet.<br \/>\nWir hoffen,  dieses Projekt mit Kindern der Boehleschule Griesheim,  auch mit der Fritz-Boehle Schule Emmendingen,  in einer umfassenderen  Ausstellung mit  Gem\u00e4lden und Skulpturen des Frankfurter K\u00fcnstlers Fritz Boehle anbieten zu k\u00f6nnen.<\/p>\n<p>Unsere Adventsfeier, am Sonntag dem 27. November 2016,  haben wir wieder gemeinsam mit den Bewohnern des Cronstetten-Hauses gefeiert. F\u00fcr den gelungenen Nachmittag danken wir Herrn  Clemens Brendel, der Klavier gespielt hat und Frau Christiane  Kostarellos, die  uns Weihnachtslieder vorgesungen hat. Zu danken haben wir auch unseren  Damen f\u00fcr die selbstgebackenen Kuchen, die hervorragend geschmeckt haben  und vollst\u00e4ndig aufgegessen wurden<\/p>\n<p>Als Abschluss eines erfolgreichen Jahres  hat sich die Museumsgruppe zum letzten Mal in diesem Jahr am Mittwoch, dem 7. Dezember, im Liebighaus getroffen und passend zur  Adventszeit die umfassende Ausstellung \u201eHeilige Nacht\u201c,  die die Weihnachtsgeschichte und Ihre Bilderwelt erz\u00e4hlt, besucht.  Daf\u00fcr danken wir Herrn Helmut Reifschneider, der immer regelm\u00e4\u00dfig unsere Museumsbesuche betreut.<\/p>\n<p>Hier finden Sie einen R\u00fcckblick auf unsere Museumsbesuche im Jahr 2016.<br \/>\n_\tJanuar:   Joan Miro, Schirn Kunsthalle<br \/>\n_\tFebruar:  Maniera,  St\u00e4delmuseum.<br \/>\n_\tApril:  Aus dem Neunzehnten \u2013 Von Schadow bis Schuch, Museum Wiesbaden.<br \/>\n_\tMai:  Horcher in der Zeit \u2013 Ludwig Meidner, Museum Giersch.<br \/>\n_\tSeptember:  Wiener Welten des Hanauer Malers Johann Peter Kraft,<br \/>\nSchloss Philipssruhe Hanau.<br \/>\n_\tSeptember:  Kunst f\u00fcr Alle. Der Farbholzschnitt in Wien um 1900, Schirn Kunsthalle.<br \/>\n_\tOktober:  Kollwitz und Barlach: Im Tod vereint, Museum Wiesbaden.<br \/>\n_\tDezember:  Heilige Nacht (Die Weihnachtsgeschichte und Ihre Bilderwelt)<br \/>\nLiebighaus Frankfurt.\t\t\t\t\t\t\t\/2<\/p>\n<p>Weiterhin ein R\u00fcckblick auf unseren Aktivit\u00e4ten im Jahre 2016:<\/p>\n<p>\u00ac_\tJanuar:  Gesamtvorstandsitzung.<br \/>\n_\tM\u00e4rz:  Jahresmitgliederversammlung.<br \/>\n_\tJuni :  Besuch des Schlosses Fasanerie in Fulda.<br \/>\n_\tSeptember:  Atelierbesuch bei Frau Doris Schmidt-Haub im Remisegeb\u00e4ude des  Schlosses Philippsruhe Hanau.<br \/>\n_\tSeptember : Exkursion nach Wien von 15. bis 18. September 2016.<br \/>\n_\tOktober: Gesamtvorstandsitzung.<br \/>\n_\tOktober : Fahrt nach Emmendingen  am 23. Oktober 2016, zur Gedenkausstellung des K\u00fcnstlers  Fritz Boehle (1873-1916) anl\u00e4sslich seines 100. Todestages.<br \/>\n_\tNovember: Ausstellung  \u201eRadierungen und Zeichnungen des Frankfurter  K\u00fcnstlers Fritz Boehle &#8211; Eine Begegnung mit den Kindern der Boehleschule  Griesheim \u2013  in der Stadteilbibliothek  Griesheim  mit der Boehleschule Griesheim.<br \/>\n_\tNovember : Adventsfeier im  Cronstetten-Haus.<\/p>\n<p>Wie schon mitgeteilt,  bereiten wir zurzeit eine gro\u00dfe Ausstellung \u00fcber die Werke des K\u00fcnstlers Fritz Boehle vor. Wir sind  wegen einer finanziellen Unterst\u00fctzung mit der Stadt Frankfurt im Gespr\u00e4ch, ohne jedoch  bis jetzt  eine konkrete Antwort bekommen zu haben.  Schon die kleine Ausstellung in der  Stadtteilbibliothek Griesheim  war nur mit  Ihren Spenden der letzten Jahre m\u00f6glich.  Unser  Projekt mit Kindern und Kunst des 19. Jahrhunderts war sehr erfolgreich und wir m\u00f6chten nun mit einer gro\u00dfen Ausstellung die Aufmerksamkeit, unsere Bem\u00fchungen betreffend,  auf die Stadt Frankfurt lenken. Aus diesem Grund, liebe Mitglieder, sind wir nun wieder auf Ihre Gro\u00dfz\u00fcgigkeit angewiesen.<\/p>\n<p>Unsere Bankverbinndung lautet  DE14  500 100 600 165 133 602<\/p>\n<p>Sofern eine Spendenquittung gew\u00fcnscht wird, bitten wir Sie, uns zu informieren.<\/p>\n<p>Wir w\u00fcnschen Ihnen frohe Weihnachten und ein gesundes Jahr 2017. Verbunden mit Dank f\u00fcr Ihre vertrauensvolle Unterst\u00fctzung gr\u00fc\u00dfen wir Sie herzlich,<br \/>\nIhre<\/p>\n<p>Daria Bottero-Heller\t\t\t\t\t\t\t\tWilli M\u00fcller<\/p>\n","protected":false},"excerpt":{"rendered":"<p>Sehr geehrte Damen und Herren, liebe Kunstfreunde, v\u00f6llig unerwartet wurden in dieser vorweihnachtlichen Zeit zwei Vereinsmitglieder der ersten Stunde aus unserer Mitte gerissen. Unser langj\u00e4hriges Mitglied, Herr Hans-J\u00fcrgen Fittkau , der ein Buch \u00fcber den Frankfurter Beckmann-Sch\u00fcler, Karl-Tratt (1900-1937), herausgegeben &hellip; <a href=\"https:\/\/www.frankfurter-malerei.de\/?p=1037\">Weiterlesen <span class=\"meta-nav\">&rarr;<\/span><\/a><\/p>\n","protected":false},"author":2,"featured_media":0,"comment_status":"closed","ping_status":"open","sticky":false,"template":"","format":"standard","meta":{"rank_math_lock_modified_date":false,"footnotes":""},"categories":[24],"tags":[],"class_list":["post-1037","post","type-post","status-publish","format-standard","hentry","category-rundschreiben-3-2018"],"_links":{"self":[{"href":"https:\/\/www.frankfurter-malerei.de\/index.php?rest_route=\/wp\/v2\/posts\/1037","targetHints":{"allow":["GET"]}}],"collection":[{"href":"https:\/\/www.frankfurter-malerei.de\/index.php?rest_route=\/wp\/v2\/posts"}],"about":[{"href":"https:\/\/www.frankfurter-malerei.de\/index.php?rest_route=\/wp\/v2\/types\/post"}],"author":[{"embeddable":true,"href":"https:\/\/www.frankfurter-malerei.de\/index.php?rest_route=\/wp\/v2\/users\/2"}],"replies":[{"embeddable":true,"href":"https:\/\/www.frankfurter-malerei.de\/index.php?rest_route=%2Fwp%2Fv2%2Fcomments&post=1037"}],"version-history":[{"count":3,"href":"https:\/\/www.frankfurter-malerei.de\/index.php?rest_route=\/wp\/v2\/posts\/1037\/revisions"}],"predecessor-version":[{"id":1218,"href":"https:\/\/www.frankfurter-malerei.de\/index.php?rest_route=\/wp\/v2\/posts\/1037\/revisions\/1218"}],"wp:attachment":[{"href":"https:\/\/www.frankfurter-malerei.de\/index.php?rest_route=%2Fwp%2Fv2%2Fmedia&parent=1037"}],"wp:term":[{"taxonomy":"category","embeddable":true,"href":"https:\/\/www.frankfurter-malerei.de\/index.php?rest_route=%2Fwp%2Fv2%2Fcategories&post=1037"},{"taxonomy":"post_tag","embeddable":true,"href":"https:\/\/www.frankfurter-malerei.de\/index.php?rest_route=%2Fwp%2Fv2%2Ftags&post=1037"}],"curies":[{"name":"wp","href":"https:\/\/api.w.org\/{rel}","templated":true}]}}