{"id":1039,"date":"2017-02-27T13:11:57","date_gmt":"2017-02-27T12:11:57","guid":{"rendered":"http:\/\/www.frankfurter-malerei.de\/?p=1039"},"modified":"2019-02-18T16:43:20","modified_gmt":"2019-02-18T15:43:20","slug":"rundschreiben-1-2017","status":"publish","type":"post","link":"https:\/\/www.frankfurter-malerei.de\/?p=1039","title":{"rendered":"Rundschreiben 1\/2017"},"content":{"rendered":"<p>Sehr geehrte Damen und Herren,<br \/>\nliebe Kunstfreunde,<\/p>\n<p>die diesj\u00e4hrige Mitgliederversammlung wird am Mittwoch, dem 15. M\u00e4rz 2017, um 16.00 Uhr im Cronstetten-Haus, Speicherstra\u00dfe 39 &#8211; 47, Frankfurt, stattfinden. Wir bitten um rege Beteiligung. Eine Einladung ist beigef\u00fcgt.<\/p>\n<p>Wir bedauern den Tod von Prof. Dr. Sch\u00f6n, der als passives Mitglied unsere Arbeit seit vielen Jahren unterst\u00fctzt hat. Unser tiefes Mitgef\u00fchl und Beileid gilt seiner Familie.<\/p>\n<p>Mit Hilfe von Herrn Dr. Werner Montag, Generalkonsul a.D., konnten wir die Paulskirche  von Mitte bis zum Ende April geb\u00fchrenfrei f\u00fcr die gro\u00dfe Ausstellung mit Gem\u00e4lden, Radierungen,  Zeichnungen und Skulpturen des Frankfurter K\u00fcnstlers Fritz B\u00f6hle, anl\u00e4sslich seines 100. Todestages im Jahre 2016, zu Verf\u00fcgung gestellt bekommen, wie in unserem Rundschreiben Nr. 4 Dezember 2016, angek\u00fcndigt wurde. Unser Projekt mit Kindern und Kunst des 19.Jahrhunderts wird hier besonders hervorgehoben. Es werden nicht nur die Arbeiten der Kinder der Boehleschule in Griesheim, sondern auch die Arbeiten der Kinder der Fritz-Boehle Schule in Emmendingen, wo der K\u00fcnstler geboren wurde ausgestellt. F\u00fcr diese Ausstellung werden Sie von uns rechtzeitig eine gesonderte Einladung bekommen.<br \/>\nHerzlichen Dank an alle Mitglieder, die auch wieder diese Arbeit mit einer Spende gew\u00fcrdigt haben. Es war f\u00fcr uns ein gro\u00dfer Ansporn weiter die Verhandlung mit der Stadt Frankfurt<br \/>\nwegen einer finanzielle Unterst\u00fctzung fortzusetzen.<\/p>\n<p>Einem ganz besonderen Dank gilt Frau Karin Schneider, die seit Jahren das Geschehen der Gesellschaft verfolgt. Frau Schneider hat uns aus dem Nachlass Ihres Mannes, Helmut Schneider, der Gr\u00fcnder unserer Gesellschaft, vier Bilder von Heinrich Limpert (1858-1938) als Geschenk \u00fcberlassen.<br \/>\nF\u00fcr Samstag, den 13. Mai 2017 ist eine Exkursion zu der Malerkolonie Willingshausen, in der N\u00e4he von Schwalmstadt, die \u00e4lteste Malerkolonie Europas, vorgesehen. Diese wurde 1824 von Gerhardt Wilhelm von Reutern und Ludwig Emil Grimm, einem Bruder der M\u00e4rchensammler Jakob und Wilhelm Grimm, gegr\u00fcndet. Mitglieder der  Malerkolonie waren, unter anderen, Peter Becker, Jacob Beckerr, Emil Beithan, Jacob F\u00fcrchtegott Dielmann, Heinrich Hasselhorst und sp\u00e4ter auch Karl Banzer.<br \/>\nK\u00fcnstlerischer Mittelpunkt in Willingshausen, ist heute das \u201eGerhardt von Reutern\u2013Haus\u201c, das nach dem Gr\u00fcnder der Kolonie benannt wurde. Hier wird an ein St\u00fcck Kunstgeschichte des 19. und 20. Jahrhunderts erinnert.<br \/>\nInteressenten f\u00fcr diese Exkursion werden gebeten, sich bei Frau Daria Bottero-Heller unter der Telefonnummer: 06102-26223, anzumelden.  Danach wird an alle Teilnehmer ein gesondertes Programm versendet. Wir freuen uns auf Ihre Zusage.<br \/>\nVon 5. bis 8. Oktober, unmittelbar nach dem Oktoberfest, planen wir eine Exkursion nach M\u00fcnchen  mit einem Aufenthalt in Murnau. Dort werden wir uns auf den Spuren von Gabriele M\u00fcnter und Wassily Kandinsky und anderen ber\u00fchmten K\u00fcnstlern, die in dem sogenannten \u201eRussenhaus\u201c ein und aus gingen, begeben.<br \/>\nIn M\u00fcnchen werden wir das Lenbachhaus, die Alte- und die Neue- Pinakothek  besuchen. Damit wir rechtszeitig Hotel und Reise buchen k\u00f6nnen, werden alle Interessenten gebeten, sich bis zum 31. M\u00e4rz 2017 bei Herrn Willi M\u00fcller : E-Mail: willy.m\u00fcller@gmx.de, zu melden.<br \/>\nWir m\u00f6chten Sie noch auf die Ausstellung von Frau Brigitte Gehl, \u201cFarbradierungen\u201c, aufmerksam machen. Die Ausstellung ist zu sehen von Freitag, dem 10. M\u00e4rz bis Freitag, den 12. Mai 2017, im Rathaus M\u00f6rfelden-Walldorf, Flughafenstrasse 37.<br \/>\n\u00d6ffnungszeiten: Mo-Fr. 08.30 bis 12.00 Uhr, Donnerstag 14.00 \u2013 18.00 Uhr.<br \/>\nVernissage am Donnerstag, dem 9. M\u00e4rz um 18.00 Uhr.<\/p>\n<p>Mitgliedsgeb\u00fchren f\u00fcr das Jahr 2017 werden im April 2017 eingezogen.<\/p>\n<p>Gerne m\u00f6chten wir Ihnen die Auktionstermine der Auktionsh\u00e4user D\u00f6britz und Arnold bekannt geben:<\/p>\n<p>Auktionshaus D\u00f6britz: (Tel:069-287733), Braubachstr.10, 60311 Frankfurt<br \/>\n188.Kunstauktion, am Samstag, dem 18. M\u00e4rz 2017.<br \/>\n21. Hafen-Auktion am Samstag, dem 22. April 2017.<br \/>\n189. Kunstauktion, am  Samstag, dem 17. Juni 2017.<\/p>\n<p>Auktionshaus Arnold: (069-282779), Bleichstr. 440-42, 60313 Frankfurt<br \/>\nSchmuck, Juwelen, Uhren und M\u00fcnzen am Samstag, dem 18. M\u00e4rz 2017.<br \/>\nAlte Kunst und Antiquit\u00e4ten am Samstag, dem 20.Mai 2017.<br \/>\nSchmuck, Juwelen, Uhren und M\u00fcnzen, am Samstag, dem 20. Juni 2017<br \/>\nWir w\u00fcnschen Ihnen eine sch\u00f6ne Fr\u00fchlingszeit, auf die wir uns ja schon so lange freuen.<br \/>\nMit freundlichen Gr\u00fc\u00dfen<\/p>\n<p>Daria Bottero-Heller\t\t\t\t\t\t\t\t\t Willi M\u00fcller<\/p>\n","protected":false},"excerpt":{"rendered":"<p>Sehr geehrte Damen und Herren, liebe Kunstfreunde, die diesj\u00e4hrige Mitgliederversammlung wird am Mittwoch, dem 15. M\u00e4rz 2017, um 16.00 Uhr im Cronstetten-Haus, Speicherstra\u00dfe 39 &#8211; 47, Frankfurt, stattfinden. Wir bitten um rege Beteiligung. Eine Einladung ist beigef\u00fcgt. Wir bedauern den &hellip; <a href=\"https:\/\/www.frankfurter-malerei.de\/?p=1039\">Weiterlesen <span class=\"meta-nav\">&rarr;<\/span><\/a><\/p>\n","protected":false},"author":2,"featured_media":0,"comment_status":"closed","ping_status":"open","sticky":false,"template":"","format":"standard","meta":{"rank_math_lock_modified_date":false,"footnotes":""},"categories":[24],"tags":[],"class_list":["post-1039","post","type-post","status-publish","format-standard","hentry","category-rundschreiben-3-2018"],"_links":{"self":[{"href":"https:\/\/www.frankfurter-malerei.de\/index.php?rest_route=\/wp\/v2\/posts\/1039","targetHints":{"allow":["GET"]}}],"collection":[{"href":"https:\/\/www.frankfurter-malerei.de\/index.php?rest_route=\/wp\/v2\/posts"}],"about":[{"href":"https:\/\/www.frankfurter-malerei.de\/index.php?rest_route=\/wp\/v2\/types\/post"}],"author":[{"embeddable":true,"href":"https:\/\/www.frankfurter-malerei.de\/index.php?rest_route=\/wp\/v2\/users\/2"}],"replies":[{"embeddable":true,"href":"https:\/\/www.frankfurter-malerei.de\/index.php?rest_route=%2Fwp%2Fv2%2Fcomments&post=1039"}],"version-history":[{"count":3,"href":"https:\/\/www.frankfurter-malerei.de\/index.php?rest_route=\/wp\/v2\/posts\/1039\/revisions"}],"predecessor-version":[{"id":1224,"href":"https:\/\/www.frankfurter-malerei.de\/index.php?rest_route=\/wp\/v2\/posts\/1039\/revisions\/1224"}],"wp:attachment":[{"href":"https:\/\/www.frankfurter-malerei.de\/index.php?rest_route=%2Fwp%2Fv2%2Fmedia&parent=1039"}],"wp:term":[{"taxonomy":"category","embeddable":true,"href":"https:\/\/www.frankfurter-malerei.de\/index.php?rest_route=%2Fwp%2Fv2%2Fcategories&post=1039"},{"taxonomy":"post_tag","embeddable":true,"href":"https:\/\/www.frankfurter-malerei.de\/index.php?rest_route=%2Fwp%2Fv2%2Ftags&post=1039"}],"curies":[{"name":"wp","href":"https:\/\/api.w.org\/{rel}","templated":true}]}}