{"id":1041,"date":"2017-07-25T13:15:29","date_gmt":"2017-07-25T12:15:29","guid":{"rendered":"http:\/\/www.frankfurter-malerei.de\/?p=1041"},"modified":"2019-02-18T16:42:28","modified_gmt":"2019-02-18T15:42:28","slug":"rundschreiben-2-2017","status":"publish","type":"post","link":"https:\/\/www.frankfurter-malerei.de\/?p=1041","title":{"rendered":"Rundschreiben 2\/2017"},"content":{"rendered":"<p>Sehr geehrte Damen und Herren,<br \/>\nliebe Kunstfreunde,<\/p>\n<p>der Sommer 2017 meint es gut mit uns und schenkt uns traumhaft warme Tage. Ich<br \/>\nhoffe, dass Sie in bester Gesundheit dieses sch\u00f6ne Wetter genie\u00dfen k\u00f6nnen.<\/p>\n<p>Unsere Ausstellung,  \u201eFritz Boehle (1873-1916) Maler, Zeichner, Radierer und  Bild-<br \/>\nhauer &#8211; Eine Retrospektive \u2013&#8220;, in der Paulskirche in Frankfurt  war ein gro\u00dfer Erfolg. Wir freuen uns  \u00fcber die positive Resonanz, die zahlreichen Besucher und die positive Presse-berichte.<\/p>\n<p>Die Realisierung dieser Ausstellung verdanken wir vor allem Herrn B\u00fcrgermeister Uwe<br \/>\nBecker, der uns die R\u00e4umlichkeiten in der Paulskirche erm\u00f6glicht  hat.<\/p>\n<p>Wir danken auch allen privaten und institutionellen Leihgebern, insbesondere  der Binding Brauerei, Herrn Pfarrer i.R. Karl G\u00fcnther, der uns die meisten Werke des K\u00fcnstlers zur<br \/>\nVerf\u00fcgung gestellt hat, Herrn Hans-J\u00f6rg Jenne, Fachbereichsleiter Familie und Kultur der Stadt Emmendingen, Frau Kathrin Krettek. Schulleiterin der Boehleschule in Frankfurt -Griesheim und Frau Angela Hauser, Schulleiterin der Fritz-Boehle Grund- u. Werkrealschule in Emmendingen.<\/p>\n<p>Dar\u00fcber hinaus bedanken wir uns bei Frau B\u00e4rbel Fach, Galerie Joseph Fach, bei<br \/>\nFrau Anja D\u00f6britz-Berti, Auktionshaus D\u00f6britz,  bei Herrn Jens Giessen, Kunsthandlung<br \/>\nJulius Giessen , bei  Herrn Karl M. Arnold, Auktionshaus Arnold und bei Herrn J\u00fcrgen Wichert, Kunsthandlung Christ.<br \/>\nZu danken haben wir  auch  unserem Mitglied und Sammler, Herrn Wolfgang Stritt,<br \/>\nf\u00fcr seinen gro\u00dfz\u00fcgigen Beitrag als Leihgeber und Berater und  Herrn Dr. Werner Montag, Generalkonsul a.D.,der uns immer bei organisatorischen Arbeiten zur Seite steht. Wir bedanken uns auch bei allen Mitgliedern, die uns bei Aufbau und Abbau geholfen und die  Aufsicht w\u00e4hrend des Ausstellungszeitraumes \u00fcbernommen haben. Insbesondere danken wir f\u00fcr den Einsatz von Frau Brigitte Gehl, Frau Margarethe Hagemann, Herrn Peter Eleven, Herrn Heinz D\u00f6rr, Frau Ingrid Andersch, Herrn Johannes Westenberger, Herrn Dr.Roberto Porcheddu und Herrn und Frau M\u00fcller.<\/p>\n<p>Die diesj\u00e4hrige Mitgliederversammlung  fand am 15. M\u00e4rz 2017 statt. Unser Schatzmeister, Herr Helmut Reifschneider, verlas und erl\u00e4uterte den Bilanz &#8211; und Rechnungsbericht, der<br \/>\nvon Seiten  der Mitglieder einstimmig angenommen wurde. Im Anschluss wurde der Vorstand entlastet.<br \/>\nDer Vorstand konnte auf ein erfolgreiches Jahr 2016 zur\u00fcckblicken. (Siehe Rundschreiben Nr. IV 2016).<br \/>\nDie Programmvorschl\u00e4ge f\u00fcr  2017 wurden von den Mitgliedern einstimmig gebilligt.<br \/>\nHerr Helmut Reifschneider m\u00f6chte die Mitglieder der Gesellschaft zu einem Sommerfest am Freitag, dem 11. August 2017 um 19.30 Uhr zu sich nach Hause  einladen. Seine Adresse ist: Schwindstr.  7, 60325 Frankfurt-Westend.  Interessenten m\u00f6gen sich  unter folgender<br \/>\nEmail Adresse bis zum 7. August 2017, anmelden: daria.heller@gmx.de.<\/p>\n<p>Wie schon angek\u00fcndigt, werden wir von 5. bis zum 8. Oktober 2017 die Stadt M\u00fcnchen (mit der Bahn) besuchen.<br \/>\nNach einer Stadtrundfahrt am ersten Tag werden wir die St\u00e4dtische Galerie im Lenbachhaus, die Alte- und Neue Pinakothek und die Villa Stuck  besichtigen.<br \/>\nDie Fahrt nach Murnau, auf den Spuren von den Malern des \u201eBlauen Reiters\u201c, ist fakultativ. Alle Interessenten, die sich f\u00fcr diese Exkursion noch nicht entschieden haben werden ge-beten, dies so schnell wie m\u00f6glich zu tun und sich bei Herrn Willi M\u00fcller Email:willy.m\u00fcller@gmx.de, zu melden.<br \/>\nWir m\u00f6chten Sie noch auf die Ausstellung mit  Werken von Frau Ingrid Andersch in der Galerie am Rathaus, Unterortstra\u00dfe 27, in Eschborn, \u201cKunst in der Mitte\u201c, aufmerksam machen. Die Ausstellung ist bis zum 31.August zu sehen. \u00d6ffnungszeiten:  dienstags und donnerstags von 15. bis 18.Uhr und nach Vereinbarung..<\/p>\n<p>Unser n\u00e4chster Museumbesuch wird  Mitte September 2017 im St\u00e4delmuseum mit der Ausstellung \u201eHenri Matisse (1869-1954) und Pierre Bonnard (1867-1947) stattfinden.<br \/>\nDer genaue Zeitpunkt wird Ihnen noch bekanntgegeben.<\/p>\n<p>Zu unserer Gesamtvorstandssitzung am Mittwoch, dem 27. September 2017 um 16.00 Uhr, laden wir wieder in das  Cronstetten-Haus ein. Eine ausf\u00fchrliche Einladung wird im September allen Teilnehmern des Vorstandes zugesandt.<\/p>\n<p>Gerne geben wir Ihnen wieder die Auktionstermine der Auktionsh\u00e4user D\u00f6britz und Arnold f\u00fcr die Monate September und November 2017 bekannt.<\/p>\n<p>Auktionshaus D\u00f6britz: (Tel: 069-287733), Braubachstr.10, 60311 Frankfurt.<br \/>\n22. Hafen-Auktion am Samstag, dem 02. September  2017.<br \/>\n190. Kunstauktion, am Samstag, dem 11. November 2017.<\/p>\n<p>Auktionshaus Arnold: (Tel: 069-282779), Bleichstr. 40-42, 60313 Frankfurt<br \/>\nModerne-Auktion am Samstag, dem 25. November 2017.<\/p>\n<p>Wir w\u00fcnschen allen unseren Mitgliedern weiterhin  sonnige und  erholsame Sommertage.<\/p>\n<p>Mit freundlichen Gr\u00fc\u00dfen<\/p>\n<p>Daria Bottero-Heller\t\t\t\t\t\t\tWilli  M\u00fcller<\/p>\n","protected":false},"excerpt":{"rendered":"<p>Sehr geehrte Damen und Herren, liebe Kunstfreunde, der Sommer 2017 meint es gut mit uns und schenkt uns traumhaft warme Tage. Ich hoffe, dass Sie in bester Gesundheit dieses sch\u00f6ne Wetter genie\u00dfen k\u00f6nnen. Unsere Ausstellung, \u201eFritz Boehle (1873-1916) Maler, Zeichner, &hellip; <a href=\"https:\/\/www.frankfurter-malerei.de\/?p=1041\">Weiterlesen <span class=\"meta-nav\">&rarr;<\/span><\/a><\/p>\n","protected":false},"author":2,"featured_media":0,"comment_status":"closed","ping_status":"open","sticky":false,"template":"","format":"standard","meta":{"rank_math_lock_modified_date":false,"footnotes":""},"categories":[24],"tags":[],"class_list":["post-1041","post","type-post","status-publish","format-standard","hentry","category-rundschreiben-3-2018"],"_links":{"self":[{"href":"https:\/\/www.frankfurter-malerei.de\/index.php?rest_route=\/wp\/v2\/posts\/1041","targetHints":{"allow":["GET"]}}],"collection":[{"href":"https:\/\/www.frankfurter-malerei.de\/index.php?rest_route=\/wp\/v2\/posts"}],"about":[{"href":"https:\/\/www.frankfurter-malerei.de\/index.php?rest_route=\/wp\/v2\/types\/post"}],"author":[{"embeddable":true,"href":"https:\/\/www.frankfurter-malerei.de\/index.php?rest_route=\/wp\/v2\/users\/2"}],"replies":[{"embeddable":true,"href":"https:\/\/www.frankfurter-malerei.de\/index.php?rest_route=%2Fwp%2Fv2%2Fcomments&post=1041"}],"version-history":[{"count":3,"href":"https:\/\/www.frankfurter-malerei.de\/index.php?rest_route=\/wp\/v2\/posts\/1041\/revisions"}],"predecessor-version":[{"id":1223,"href":"https:\/\/www.frankfurter-malerei.de\/index.php?rest_route=\/wp\/v2\/posts\/1041\/revisions\/1223"}],"wp:attachment":[{"href":"https:\/\/www.frankfurter-malerei.de\/index.php?rest_route=%2Fwp%2Fv2%2Fmedia&parent=1041"}],"wp:term":[{"taxonomy":"category","embeddable":true,"href":"https:\/\/www.frankfurter-malerei.de\/index.php?rest_route=%2Fwp%2Fv2%2Fcategories&post=1041"},{"taxonomy":"post_tag","embeddable":true,"href":"https:\/\/www.frankfurter-malerei.de\/index.php?rest_route=%2Fwp%2Fv2%2Ftags&post=1041"}],"curies":[{"name":"wp","href":"https:\/\/api.w.org\/{rel}","templated":true}]}}