{"id":1043,"date":"2017-10-30T13:17:38","date_gmt":"2017-10-30T12:17:38","guid":{"rendered":"http:\/\/www.frankfurter-malerei.de\/?p=1043"},"modified":"2019-02-18T16:38:06","modified_gmt":"2019-02-18T15:38:06","slug":"rundschreiben-3-2017","status":"publish","type":"post","link":"https:\/\/www.frankfurter-malerei.de\/?p=1043","title":{"rendered":"Rundschreiben 3\/2017"},"content":{"rendered":"<p>Sehr geehrte Damen und Herren,\t\t\t\t\t25. Oktober 2017<br \/>\nliebe Kunstfreunde,<\/p>\n<p>es ist immer ein trauriger Anlass, wenn wir von einem Mitglied  unserer Gesellschaft Abschied nehmen m\u00fcssen, insbesondere dann, wenn dasjenige ein Mitglied der ersten Stunde war, das immer  mit Rat und Tat seit vielen Jahren der Gesellschaft  zur Seite<br \/>\nstand. Alfred Grimminger  war nicht nur ein Uhrenspezialist- und Kenner dieses Fachs wie seine Ausstellung \u201e Das Antlitz der Taschenuhr 1500-1900\u201c im Goldschmiedehaus in Hanau im Jahre 2011 gezeigt hat, er war au\u00dferdem Sammler und Liebhaber der Frankfurter Kunst<br \/>\ndes 19. und 20. Jahrhunderts und er hat als Ehrenmitglied  uns in unserer Arbeit ermutigt und auch finanziell unterst\u00fctzt.<br \/>\nHerr Alfred Grimminger ist im Sommer dieses Jahres verstorben. Unser tiefes Mitgef\u00fchl<br \/>\ngilt seiner Tochter und seiner Lebensgef\u00e4hrtin Frau Adelheid Burkhardt, die ihm in den letzten Jahren zur Seite stand.<\/p>\n<p>Unmittelbar nach dem Oktoberfest, wie angek\u00fcndigt, hat uns unsere Exkursion vom 5. bis<br \/>\n8. Oktober 2017 nach M\u00fcnchen gef\u00fchrt. Wir haben die  Alte Pinakothek besucht, eine der bedeutendsten Gem\u00e4ldegalerien der Welt, mit Werken des Mittelalters und bis zur Mitte des 18. Jahrhunderts. In der Neuen Pinakothek konnten wir  uns einen \u00dcberblick \u00fcber die Epochen der europ\u00e4ischen Kunst von der Aufkl\u00e4rung um 1700  bis zur Moderne verschaffen.<br \/>\nIn den St\u00e4dtischen Galerien, in der ehemaligen Villa von Frank von Lenbach (1836-1904), konnten wir nicht nur Werke der in M\u00fcnchen arbeitenden  Malern des 18. und 19.Jahrhunderts  betrachten, sondern auch eine weltber\u00fchmte Sammlung von zahlreichen Werken der Gruppe des Blauen Reiters bewundern.<br \/>\nEin weiteres Ziel unserer Kunstreise war das Museum Villa Stuck, das ehemalige Atelier<br \/>\nmit Wohnr\u00e4umen des ber\u00fchmten M\u00fcnchner K\u00fcnstlers Franz von St\u00fcck (1863-1928).<br \/>\nEin H\u00f6hepunkt unserer Reise war die Besichtigung des M\u00fcnter-Hauses in Murnau am<br \/>\nStaffelsee, eine Autostunde von M\u00fcnchen entfernt. Dort lebten Gabriele M\u00fcnter und Wassily Kandinsky f\u00fcr viele Jahre. Das Haus war, Anfang des 20. Jahrhunderts, ein bedeutender Treffpunkt der K\u00fcnstler des \u201e Blauen Reiter\u201cs.<br \/>\nWir hatten Gl\u00fcck mit dem Wetter, denn wir hatten  vier wundersch\u00f6ne klare Herbsttage. Das Hotel war komfortabel. Wir haben das gute Essen genossen und die bayrische Gastfreundschaft sch\u00e4tzen gelernt.<br \/>\nWir  bedanken uns recht herzlich bei unserem zweiten Vorsitzenden, Herrn Willi M\u00fcller, der das Hotel ausgesucht und die Reise mit der deutschen Bahn gebucht  hat. Auch vielen Dank f\u00fcr den Informationsprospekt \u00fcber die Reise, mit vielen Anregungen und wertvollen Tipps, den er liebevoll zusammengestellt hat.<\/p>\n<p>Bei den W\u00fcrdigungen an die Vereinsmitglieder f\u00fcr die Ausstellung Fritz-Boehle<br \/>\nin unserem letzten Rundschreiben, wurden versehentlich zwei Mitglieder nicht erw\u00e4hnt: Frau Doris Schmidt-Haub, die uns mit der Layout der Einladung sehr behilflich war und Frau Rosemary Fattah, f\u00fcr Ihre beratende Funktion.<br \/>\nBeide haben auch mit gro\u00dfer Bereitwilligkeit w\u00e4hrend der Ausstellung die Aufsicht in der Paulskirche \u00fcbernommen. Wir sind den beiden Damen zur Dank verpflichtet.<br \/>\n\/2<\/p>\n<p>Der erste Adventsonntag f\u00e4llt in diesem Jahr in den Monat Dezember und nicht schon in<br \/>\nden November wie in den vergangenen Jahren. Aus diesem Grund wird unsere traditionelle Adventsfeier  nicht im Cronstetten-Haus stattfinden k\u00f6nnen, da der Saal, am 3. Dezember anderweitig belegt ist, so dass in diesem Jahr die Adventfeier entf\u00e4llt.<\/p>\n<p>Die Vorbereitungen zum 50. Jubil\u00e4um der Gesellschaft im Jahre 2018 haben schon begonnen,  und wir hoffen mit dem Rundschreiben im Dezember n\u00e4here Angaben machen zu k\u00f6nnen.<\/p>\n<p>F\u00fcr die Museumgruppe hat  der Besuch der Ausstellung \u201eMatisse \u2013 Bonnard \u201ehat am<br \/>\n10. Oktober 2017 stattgefunden und nicht Mitte September wie bei unserem letzten Rund-<br \/>\nschreiben angek\u00fcndigt. Weitere Museumbesuche sind am 15. November 2017 In der Schirn mit \u201eGlanz und Elend in der Weimar Republik\u201c und am 13. Dezember 2017 mit \u201eMaria Sibylla Merian im St\u00e4delmuseum, vorgesehen.<br \/>\nEinladungen wurden schon an die Interessenten der Museumgruppe versandt.<\/p>\n<p>Wir m\u00f6chten Sie noch auf die Ausstellung \u201e Sybille- die Fotografin\u201c, die bis zum 26. November 2017 in den Opelvillen in R\u00fcsselsheim zu sehen ist, aufmerksam machen.<br \/>\nHier wird die Bedeutung der Sybille \u2013 Zeitschrift f\u00fcr Mode und Kultur &#8211; f\u00fcr die Entwicklung der Fotografie in der damaligen DDR beleuchtet. Diese Ausstellung mit Katalog wurde mit-konzipiert und realisiert von Frau Professorin Dr. Monika Oppel, unser Mitglied, die in Berlin lebt. Interessierte k\u00f6nnen die Ausstellung bis zum 26. November 2017 besuchen.<br \/>\n\u00d6ffnungszeiten:  Mittwoch 10-18 Uhr , Donnerstag 10-21 Uhr.<br \/>\nDie Kosten f\u00fcr den Katalog betragen 39.80 \u20ac.<\/p>\n<p>Gerne geben wir Ihnen wieder die Auktionstermine der Auktionsh\u00e4user D\u00f6britz und Arnold f\u00fcr den Monate November und Dezember 2017 bekannt.<\/p>\n<p>Auktionshaus D\u00f6britz: (Tel: 069-287733), Braubachstr.10, 60311 Frankfurt.<br \/>\n190. Kunstauktion  am Samstag, dem 11. November 2017.<br \/>\nLagerverkauf am 29.,30.Nov.und 1.Dez.2017 &#8211; Lindleystra\u00dfe, 12, 60314 Frankfurt<\/p>\n<p>Auktionshaus Arnold: (Tel: 069-282779), Bleichstr. 40-42, 60313 Frankfurt<br \/>\nKunstauktion am Samstag, dem 18. November 2017.<br \/>\nModerne-Auktion am Samstag, dem 25. November 2017.<\/p>\n<p>Wir w\u00fcnschen Ihnen und Ihrer Familie, im Voraus, besinnliche und gl\u00fcckliche Adventstage.<\/p>\n<p>Mit freundlichen Gr\u00fc\u00dfen<\/p>\n<p>Daria Bottero-Heller\t\t\t\t\t\t\tWilli M\u00fcller<\/p>\n","protected":false},"excerpt":{"rendered":"<p>Sehr geehrte Damen und Herren, 25. Oktober 2017 liebe Kunstfreunde, es ist immer ein trauriger Anlass, wenn wir von einem Mitglied unserer Gesellschaft Abschied nehmen m\u00fcssen, insbesondere dann, wenn dasjenige ein Mitglied der ersten Stunde war, das immer mit Rat &hellip; <a href=\"https:\/\/www.frankfurter-malerei.de\/?p=1043\">Weiterlesen <span class=\"meta-nav\">&rarr;<\/span><\/a><\/p>\n","protected":false},"author":2,"featured_media":0,"comment_status":"closed","ping_status":"open","sticky":false,"template":"","format":"standard","meta":{"rank_math_lock_modified_date":false,"footnotes":""},"categories":[24],"tags":[],"class_list":["post-1043","post","type-post","status-publish","format-standard","hentry","category-rundschreiben-3-2018"],"_links":{"self":[{"href":"https:\/\/www.frankfurter-malerei.de\/index.php?rest_route=\/wp\/v2\/posts\/1043","targetHints":{"allow":["GET"]}}],"collection":[{"href":"https:\/\/www.frankfurter-malerei.de\/index.php?rest_route=\/wp\/v2\/posts"}],"about":[{"href":"https:\/\/www.frankfurter-malerei.de\/index.php?rest_route=\/wp\/v2\/types\/post"}],"author":[{"embeddable":true,"href":"https:\/\/www.frankfurter-malerei.de\/index.php?rest_route=\/wp\/v2\/users\/2"}],"replies":[{"embeddable":true,"href":"https:\/\/www.frankfurter-malerei.de\/index.php?rest_route=%2Fwp%2Fv2%2Fcomments&post=1043"}],"version-history":[{"count":3,"href":"https:\/\/www.frankfurter-malerei.de\/index.php?rest_route=\/wp\/v2\/posts\/1043\/revisions"}],"predecessor-version":[{"id":1217,"href":"https:\/\/www.frankfurter-malerei.de\/index.php?rest_route=\/wp\/v2\/posts\/1043\/revisions\/1217"}],"wp:attachment":[{"href":"https:\/\/www.frankfurter-malerei.de\/index.php?rest_route=%2Fwp%2Fv2%2Fmedia&parent=1043"}],"wp:term":[{"taxonomy":"category","embeddable":true,"href":"https:\/\/www.frankfurter-malerei.de\/index.php?rest_route=%2Fwp%2Fv2%2Fcategories&post=1043"},{"taxonomy":"post_tag","embeddable":true,"href":"https:\/\/www.frankfurter-malerei.de\/index.php?rest_route=%2Fwp%2Fv2%2Ftags&post=1043"}],"curies":[{"name":"wp","href":"https:\/\/api.w.org\/{rel}","templated":true}]}}