{"id":1045,"date":"2017-12-20T13:20:18","date_gmt":"2017-12-20T12:20:18","guid":{"rendered":"http:\/\/www.frankfurter-malerei.de\/?p=1045"},"modified":"2018-12-21T12:55:30","modified_gmt":"2018-12-21T11:55:30","slug":"rundschreiben-4-2017","status":"publish","type":"post","link":"https:\/\/www.frankfurter-malerei.de\/?p=1045","title":{"rendered":"Rundschreiben 4\/2017"},"content":{"rendered":"<p>Sehr geehrte Damen und Herren,<br \/>\nliebe Kunstfreunde,<\/p>\n<p>am Ende des Jahres m\u00f6chten wir uns im Namen des Vorstandes bei Ihnen f\u00fcr Ihr Vertrauen herzlich bedanken.<\/p>\n<p>Die Vorbereitungen zum 50. Jubil\u00e4um der Gesellschaft im Jahre 2018 haben schon begonnen, wir bereiten die einzelnen Schritte f\u00fcr ein sehr aufwendiges Programm vor.<br \/>\nDas Jubil\u00e4umsjahr wird mit einem Neujahrsempfang f\u00fcr die Mitglieder der Gesellschaft und die Bewohner des Cronstetten-Hauses er\u00f6ffnet. Dieses beginnt als  Matin\u00e9e am Sonntag, den 4. Februar 2018 im Cronstetten-Haus, Speicherstra\u00dfe 47, von 10:00 Uhr bis 13:00 Uhr<br \/>\nBegleitet wird dieser Empfang mit einem Gospelkonzert mit dem Chor  Sing &amp; Shout.<br \/>\nAlle Mitglieder sind herzlichst eingeladen, bitte best\u00e4tigen Sie Ihr Kommen im neuen Jahr unter der Nummer 06102-26223 oder senden Sie eine E-Mail an daria.heller@gmx.de.<\/p>\n<p>Im Monat M\u00e4rz planen wir einen Festakt im R\u00f6mer im Limpurgsaal mit dem Oberb\u00fcrger-<br \/>\nmeister und der Kulturdezernentin Frau Dr. Ina Hartwig. Die Einladungen werden von der Stadt Frankfurt versendet. Das genaue Datum steht noch nicht fest und wird mit dem n\u00e4chsten Rundschreiben bekannt gegeben.<\/p>\n<p>Im Monat April wird uns mit der Unterst\u00fctzung von Herrn B\u00fcrgermeister Uwe Becker, die<br \/>\nPaulskirche vom 15. April bis 30. April 2018 zur Verf\u00fcgung gestellt. Geplant ist eine Ausstellung von Frankfurter Malern aus dem 19. und 20. Jahrhundert mit Ansichten von<br \/>\nFrankfurt und Umgebung. Um eine erfolgreiche Ausstellung zu gew\u00e4hrleisten, werden alle Mitglieder und Sammler, die in Besitz von solchen  Gem\u00e4lden sind gebeten, sich im neuen Jahr unter der Telefonnummer 06102-26223 zu melden  oder Sie k\u00f6nnen eine E-Mail an daria.heller@gmx.de senden. Wir garantieren absolute Verschwiegenheit und Vertrauensw\u00fcrdigkeit. Alle Gem\u00e4lde sind f\u00fcr den Hin- und R\u00fccktransport und w\u00e4hrend der Ausstellung versichert.<br \/>\nDer Titel und die Dauer der Ausstellung wird im n\u00e4chsten Rundschreiben mitgeteilt.<\/p>\n<p>Im Jubil\u00e4umsjahr sind zwei Exkursionen der besonderen Art vorgesehen. Im Sommer besuchen wir die K\u00fcnstlerkolonie Worpswede und im September das \u201eMuseum del Prado\u201c<br \/>\nin Madrid, genaue Daten folgen noch.<br \/>\nF\u00fcr die K\u00fcnstler unserer Gesellschaft ist am Ende des Jahres eine Ausstellung im B\u00fcrgerinstitut, 60323 Frankfurt, Oberlindau 20, geplant..<\/p>\n<p>Au\u00dferdem ist ein Katalog \u00fcber die 50 j\u00e4hrige Arbeit der Gesellschaft vorgesehen,<br \/>\nauch wenn dieses mit gro\u00dfen Kosten verbunden ist. Es ist wichtig, die vergangene<br \/>\nund zuk\u00fcnftige Arbeit bekannt zu machen und f\u00fcr die n\u00e4chste Generationen aufzubewahren.<br \/>\nWie immer am Ende des Jahres ein R\u00fcckblick auf unsere Aktivit\u00e4ten im Jahre 2017<\/p>\n<p>&#8211;\tJanuar:  Gesamtvorstandsitzung<br \/>\n&#8211;\tM\u00e4rz:  Jahresmitgliederversammlung<br \/>\n&#8211;\tApril:  Fritz Boehle Ausstellung in der Paulskirche<br \/>\n&#8211;\tMai:  Exkursion zu der Malerkolonie Willingshausen<br \/>\n&#8211;\tAugust:  Sommerfest bei unserem Schatzmeister Helmut Reifschneider<br \/>\n&#8211;\tSeptember:  Gesamtvorstandsitzung<br \/>\n&#8211;\tOktober:  Exkursion nach M\u00fcnchen<\/p>\n<p>Museumsbesuche im Jahr 2017.<\/p>\n<p>&#8211;\tFebruar:  Stoltze-Museum, Frankfurter Sparkasse<br \/>\n&#8211;\tM\u00e4rz:  Ren\u00e8 Magritte Der Verrat der Bilder, Schirn Kunsthalle<br \/>\n&#8211;\tApril:  Ersehnte Freiheit, Museum Giersch<br \/>\n&#8211;\tJuni:  F\u00fcsslis Nachtmahr \u2013 Traum und Wahnsinn, Goethe-Haus<br \/>\n&#8211;\tJuni:  Gericault bis Toulouse-Lautrec, St\u00e4del<br \/>\n&#8211;\tOktober:  Matisse \u2013 Bonnard, St\u00e4del<br \/>\n&#8211;\tNovember:  Glanz und Elend in der Weimarer Republik, Schirn Kunsthalle<br \/>\n&#8211;\tDezember:  Maria Sibylla Merian, St\u00e4del<\/p>\n<p>Im Hinblick auf das Jubil\u00e4umsjahr erwartet uns gro\u00dfer Einsatz als auch eine gro\u00dfe<br \/>\nfinanzielle Belastung f\u00fcr die Gesellschaft. Damit unser 50 j\u00e4hriges Jubil\u00e4um ein gro\u00dfer<br \/>\nErfolg wird, sind wir, besonders im kommenden Jahr auf gro\u00dfz\u00fcgige Spenden angewiesen,<br \/>\nund wir bitten um Ihre Mithilfe.<\/p>\n<p>Wir w\u00fcnschen allen Mitgliedern und Ihren Familien ein wundersch\u00f6nes Weihnachtsfest,<br \/>\nkommen Sie gesund in das neue Jahr, damit wir mit Ihnen das 50 j\u00e4hrige Bestehen der<br \/>\nGesellschaft, mit gro\u00dfer Freude und Stolz gemeinsam feiern k\u00f6nnen.<\/p>\n<p>Herzliche Gr\u00fc\u00dfe<\/p>\n<p>Daria Bottero-Heller\t\t\t\t\t\tWilli M\u00fcller<\/p>\n","protected":false},"excerpt":{"rendered":"<p>Sehr geehrte Damen und Herren, liebe Kunstfreunde, am Ende des Jahres m\u00f6chten wir uns im Namen des Vorstandes bei Ihnen f\u00fcr Ihr Vertrauen herzlich bedanken. Die Vorbereitungen zum 50. Jubil\u00e4um der Gesellschaft im Jahre 2018 haben schon begonnen, wir bereiten &hellip; <a href=\"https:\/\/www.frankfurter-malerei.de\/?p=1045\">Weiterlesen <span class=\"meta-nav\">&rarr;<\/span><\/a><\/p>\n","protected":false},"author":2,"featured_media":0,"comment_status":"closed","ping_status":"open","sticky":false,"template":"","format":"standard","meta":{"rank_math_lock_modified_date":false,"footnotes":""},"categories":[24],"tags":[],"class_list":["post-1045","post","type-post","status-publish","format-standard","hentry","category-rundschreiben-3-2018"],"_links":{"self":[{"href":"https:\/\/www.frankfurter-malerei.de\/index.php?rest_route=\/wp\/v2\/posts\/1045","targetHints":{"allow":["GET"]}}],"collection":[{"href":"https:\/\/www.frankfurter-malerei.de\/index.php?rest_route=\/wp\/v2\/posts"}],"about":[{"href":"https:\/\/www.frankfurter-malerei.de\/index.php?rest_route=\/wp\/v2\/types\/post"}],"author":[{"embeddable":true,"href":"https:\/\/www.frankfurter-malerei.de\/index.php?rest_route=\/wp\/v2\/users\/2"}],"replies":[{"embeddable":true,"href":"https:\/\/www.frankfurter-malerei.de\/index.php?rest_route=%2Fwp%2Fv2%2Fcomments&post=1045"}],"version-history":[{"count":3,"href":"https:\/\/www.frankfurter-malerei.de\/index.php?rest_route=\/wp\/v2\/posts\/1045\/revisions"}],"predecessor-version":[{"id":1201,"href":"https:\/\/www.frankfurter-malerei.de\/index.php?rest_route=\/wp\/v2\/posts\/1045\/revisions\/1201"}],"wp:attachment":[{"href":"https:\/\/www.frankfurter-malerei.de\/index.php?rest_route=%2Fwp%2Fv2%2Fmedia&parent=1045"}],"wp:term":[{"taxonomy":"category","embeddable":true,"href":"https:\/\/www.frankfurter-malerei.de\/index.php?rest_route=%2Fwp%2Fv2%2Fcategories&post=1045"},{"taxonomy":"post_tag","embeddable":true,"href":"https:\/\/www.frankfurter-malerei.de\/index.php?rest_route=%2Fwp%2Fv2%2Ftags&post=1045"}],"curies":[{"name":"wp","href":"https:\/\/api.w.org\/{rel}","templated":true}]}}