{"id":1047,"date":"2018-02-26T13:22:44","date_gmt":"2018-02-26T12:22:44","guid":{"rendered":"http:\/\/www.frankfurter-malerei.de\/?p=1047"},"modified":"2018-12-21T12:52:44","modified_gmt":"2018-12-21T11:52:44","slug":"rundschreiben-1-2018","status":"publish","type":"post","link":"https:\/\/www.frankfurter-malerei.de\/?p=1047","title":{"rendered":"Rundschreiben 1\/2018"},"content":{"rendered":"<p>Sehr geehrte Damen und Herren,<br \/>\nliebe Kunstfreunde,<\/p>\n<p>unser 50. Jubil\u00e4umsjahr wurde mit einem Neujahrsempfang im Cronstetten-Haus er\u00f6ffnet.<br \/>\nZahlreiche Mitglieder waren anwesend. Der Gospelchor Sing &amp; Shout hat zum Gelingen<br \/>\nder Er\u00f6ffnungsfeier mit einer ausgezeichnete Darbietung beigetragen.<\/p>\n<p>Die diesj\u00e4hrige Mitgliederversammlung wird am Mittwoch, dem 14.M\u00e4rz 2018, ab 16:00 Uhr im Cronstetten-Haus, Speicherstra\u00dfe 39 \u2013 47, Frankfurt, stattfinden.<br \/>\nDiese Mitgliederversammlung ist von besonderer Bedeutung, da ein neuer Vorstand gew\u00e4hlt werden muss. Deshalb bitten wir um rege Teilnahme. Eine Wiederwahl des bisherigen Vorstands ist zul\u00e4ssig.<\/p>\n<p>Die Museumsgruppe trifft sich zum ersten Mal in diesem Jahr, am Mittwoch, den<br \/>\n28. Februar 2018 um 15:00 Uhr, um die Ausstellung \u201e Rubens Kraft der Verwandlung\u201c zu besuchen eingeladen.<br \/>\nAm Samstag, den 12. Mai 2018 um  14:00 Uhr trifft sich die Museumsgruppe im<br \/>\nFreilichtmuseum Hessenpark um die Ausstellung \u201eJacob Nussbaum(1873\u20131936), ein Impressionist\u201c zu besuchen. Die Anfahrt erfolgt mit eigenem Auto oder \u00f6ffentlichen<br \/>\nVerkehrsmitteln. Mitglieder, die nicht zu der Museumsgruppe geh\u00f6ren, sind dazu herzlichst<br \/>\neingeladen. Die Einladung und Wegbeschreibung ist beigef\u00fcgt.<\/p>\n<p>Herzlichen Dank gilt allen Mitgliedern, die uns auf besonderer Weise in diesem wichtigen Jahr mit einer Spende gew\u00fcrdigt haben. Das 50-j\u00e4hriges Jubil\u00e4um ist ein besonderes Ereignis in einem Verein, jedoch mit gro\u00dfen finanziellen Belastungen verbunden. Wir sind stets bem\u00fcht, alle Aktivit\u00e4ten erfolgreich durchzuf\u00fchren. Wenn Sie noch nicht gespendet haben, w\u00fcrden wir uns \u00fcber Ihrer Unterst\u00fctzung sehr freuen.<\/p>\n<p>Unsere geplante Ausstellung in der Paulskirche unter der Schirmherrschaft von Herrn B\u00fcrgermeister Uwe Becker wird am 18. April 2018 er\u00f6ffnet. F\u00fcr  die Ausstellung werden noch Gem\u00e4lde von Frankfurter Malern aus dem 19. und 20. Jahrhundert mit Ansichten von Frankfurt und Umgebung gesucht. Mitglieder und Sammler, die im Besitz von solchen  Werken sind, werden gebeten, sich unter der Telefonnummer 06102-26223 zu melden oder Sie k\u00f6nnen eine E-Mail an daria.heller@gmx.de zu senden. Wie schon erw\u00e4hnt, garantieren wir absolute Verschwiegenheit und Vertrauensw\u00fcrdigkeit. Alle Gem\u00e4lde sind selbstverst\u00e4ndlich f\u00fcr den Hin- und R\u00fccktransport und w\u00e4hrend der Ausstellung versichert. Sie erhalten eine separate Einladung.<br \/>\nIn unserem 50. Jubil\u00e4umsjahr sind noch folgende Veranstaltungen vorgesehen:<\/p>\n<p>Am Samstag, dem 26. Mai 2018 werden wir in Schotten, das Atelier<br \/>\nder K\u00fcnstlerin, Frau Helga Barth, einem langj\u00e4hriges Mitglied unserer Gesellschaft, in einer Tagesexkursion  besuchen.<br \/>\nSchotten im Vogelsberg bietet sehr viele Sehensw\u00fcrdigkeiten und interessante<br \/>\nZiele, die wir nach dem Atelierbesuch bewundern k\u00f6nnen.<\/p>\n<p>Mitte Juli 2018 planen wir einen Besuch der K\u00fcnstlerkolonie in Worpswede Niedersachsen,<br \/>\nin der N\u00e4he von Bremen. Diese wurde um 1889 gegr\u00fcndet und war die Heimat vom K\u00fcnstler des Jugendstils, des Impressionismus und des Expressionismus, wie zum Beispiel die K\u00fcnstler Fritz Overbeck,  Otto Mondersohn und andere.<\/p>\n<p>Eine Fahrt mit dem Zug nach Bremen und 2 \u00dcbernachtungen sind vorgesehen. Um ein g\u00fcnstiges Zugticket zu bekommen, sollten mindestens 10 Personen daran teilnehmen. Bitte um rechtzeitige Anmeldung bei Frau Daria Bottero-Heller.<\/p>\n<p>Unser Festakt im R\u00f6mer zum 50. Jubil\u00e4um  haben wir auf den September oder Oktober verschoben. Nach der Oberb\u00fcrgermeisterwahl wird der genaue Termin bekannt gegeben.<\/p>\n<p>Vom 11. bis 14. Oktober 2018 findet eine Exkursion nach Madrid mit Besichtigung des Prado Museums, statt. Ein genaues Programm wird im n\u00e4chsten Rundschreiben bekannt gegeben.<br \/>\nInteressenten k\u00f6nnen sich schon jetzt bei Frau Daria Bottero-Heller anmelden.<\/p>\n<p>Gerne geben wir Ihnen wieder die Auktionstermine der Auktionsh\u00e4user D\u00f6britz und Arnold f\u00fcr die Monate M\u00e4rz bis Juni 2018 bekannt.<\/p>\n<p>Auktionshaus D\u00f6britz: (Tel: 069-287733), Braubachstr.10, 60311 Frankfurt.<br \/>\n191. Kunstauktion  am Samstag, dem 10. M\u00e4rz  2018.<br \/>\n192. Kunstauktion am Samstag, dem 2. Juni 2018.<\/p>\n<p>Auktionshaus Arnold: (Tel: 069-282779), Bleichstr. 40-42, 60313 Frankfurt<br \/>\nSchmuck-Auktion  am Samstag, dem 17. M\u00e4rz  2018.<br \/>\nKunst-Auktion  am Samstag, dem 26. Mai  2018.<\/p>\n<p>Wir w\u00fcnschen allen Mitgliedern einen wundersch\u00f6nen Fr\u00fchling und ein frohes Osterfest.<\/p>\n<p>Mit freundlichen Gr\u00fc\u00dfen<\/p>\n<p>Daria Bottero-Heller\t\t\t\t\t\tWilli M\u00fcller<\/p>\n","protected":false},"excerpt":{"rendered":"<p>Sehr geehrte Damen und Herren, liebe Kunstfreunde, unser 50. Jubil\u00e4umsjahr wurde mit einem Neujahrsempfang im Cronstetten-Haus er\u00f6ffnet. Zahlreiche Mitglieder waren anwesend. Der Gospelchor Sing &amp; Shout hat zum Gelingen der Er\u00f6ffnungsfeier mit einer ausgezeichnete Darbietung beigetragen. Die diesj\u00e4hrige Mitgliederversammlung wird &hellip; <a href=\"https:\/\/www.frankfurter-malerei.de\/?p=1047\">Weiterlesen <span class=\"meta-nav\">&rarr;<\/span><\/a><\/p>\n","protected":false},"author":2,"featured_media":0,"comment_status":"closed","ping_status":"open","sticky":false,"template":"","format":"standard","meta":{"rank_math_lock_modified_date":false,"footnotes":""},"categories":[24],"tags":[],"class_list":["post-1047","post","type-post","status-publish","format-standard","hentry","category-rundschreiben-3-2018"],"_links":{"self":[{"href":"https:\/\/www.frankfurter-malerei.de\/index.php?rest_route=\/wp\/v2\/posts\/1047","targetHints":{"allow":["GET"]}}],"collection":[{"href":"https:\/\/www.frankfurter-malerei.de\/index.php?rest_route=\/wp\/v2\/posts"}],"about":[{"href":"https:\/\/www.frankfurter-malerei.de\/index.php?rest_route=\/wp\/v2\/types\/post"}],"author":[{"embeddable":true,"href":"https:\/\/www.frankfurter-malerei.de\/index.php?rest_route=\/wp\/v2\/users\/2"}],"replies":[{"embeddable":true,"href":"https:\/\/www.frankfurter-malerei.de\/index.php?rest_route=%2Fwp%2Fv2%2Fcomments&post=1047"}],"version-history":[{"count":3,"href":"https:\/\/www.frankfurter-malerei.de\/index.php?rest_route=\/wp\/v2\/posts\/1047\/revisions"}],"predecessor-version":[{"id":1194,"href":"https:\/\/www.frankfurter-malerei.de\/index.php?rest_route=\/wp\/v2\/posts\/1047\/revisions\/1194"}],"wp:attachment":[{"href":"https:\/\/www.frankfurter-malerei.de\/index.php?rest_route=%2Fwp%2Fv2%2Fmedia&parent=1047"}],"wp:term":[{"taxonomy":"category","embeddable":true,"href":"https:\/\/www.frankfurter-malerei.de\/index.php?rest_route=%2Fwp%2Fv2%2Fcategories&post=1047"},{"taxonomy":"post_tag","embeddable":true,"href":"https:\/\/www.frankfurter-malerei.de\/index.php?rest_route=%2Fwp%2Fv2%2Ftags&post=1047"}],"curies":[{"name":"wp","href":"https:\/\/api.w.org\/{rel}","templated":true}]}}