{"id":1202,"date":"2018-10-18T09:50:13","date_gmt":"2018-10-18T08:50:13","guid":{"rendered":"http:\/\/www.frankfurter-malerei.de\/?p=1202"},"modified":"2019-02-18T17:48:22","modified_gmt":"2019-02-18T16:48:22","slug":"rundschreiben-3-2018","status":"publish","type":"post","link":"https:\/\/www.frankfurter-malerei.de\/?p=1202","title":{"rendered":"Rundschreiben 3\/2018"},"content":{"rendered":"\n<p><\/p>\n\n\n<p>Sehr geehrte Damen und Herren,<br \/>\nliebe Kunstfreunde,<\/p>\n<p>zuerst m\u00fcssen wir alle Mitglieder mit dem Hinweis  auf die neue europ\u00e4ische Datenschutz-Grundverordnung DSG-VO informieren.<br \/>\nDie europaweit geltende Datenschutz-Grundverordnung DSG-VO ist am 25. Mai 2018 in Kraft getreten.<br \/>\nDie Gesellschaft zur F\u00f6rderung Frankfurter Malerei e.V. verarbeitet Ihre personenbezogenen Daten im Einklang mit den anzuwendenden gesetzlichen Datenschutzanforderungen. Mit Ihrer Beitrittserkl\u00e4rung haben Sie uns Namen, Adresse, Telefonnummer, Bankverbindung und E-Mail-Adresse zur Verf\u00fcgung gestellt, damit wir Sie \u00fcber alle Aktivit\u00e4ten der Gesellschaft informieren und Mitgliedsbeitr\u00e4ge einziehen k\u00f6nnen. Ihre Daten werden nach neuesten technischen Standards gespeichert und verwaltet und nicht an Dritte weitergegeben. Sie k\u00f6nnen Ihre Daten jederzeit l\u00f6schen oder \u00e4ndern lassen. Wenn Sie Fragen haben oder weitere Informationen ben\u00f6tigen, dann rufen Sie uns unter der Telefonnummer 06102-26223 an oder senden Sie eine E-Mail an daria.heller@gmx.de.<\/p>\n<p>Im Alter von 92 Jahren  ist am 1. Juni 2018 unser langj\u00e4hriges Ehrenmitglied und ehemaliger Ehrenvorsitzender Prof. Dr. h. c. Hilmar Hoffmann verstorben. Zwischen den Jahren 1970 und 1990 war er Kulturdezernent der Stadt Frankfurt. Die Ver\u00e4nderungen, die Frankfurt<br \/>\ndank Hilmar Hoffmanns Kulturpolitik erfuhr, lassen sich nicht mit denen in anderen St\u00e4dten vergleichen.<br \/>\nBis 1990 entstanden nicht weniger als 10 neue Museen und Kulturinstitutionen. Vom ersten Filmmuseum 1984 bis zu dem Museum f\u00fcr moderne Kunst 1991. Er war der wichtigste<br \/>\ndeutsche Kulturpolitiker nach 1955. Wir verlieren einen gro\u00dfen Freund und Unterst\u00fctzer<br \/>\nder Gesellschaft.<\/p>\n<p>Unsere dreit\u00e4gige Kunstreise nach Worpswede war sehr erfolgreich. Wir haben nicht nur<br \/>\ndie K\u00fcnstlerkolonie besucht sondern auch die Stadt Bremen mit Ihrer Kunsthalle.<\/p>\n<p>Die n\u00e4chste wichtige Veranstaltung zu unserem 50. Jubil\u00e4um findet, zum ersten Mal, auf<br \/>\ndem Museumsuferfest von 24. bis 26. August statt. Dort werden wir am Mainufer, gegen\u00fcber der Rembrandtstra\u00dfe einen eigenen Stand haben. Alle  Mitglieder sind herzlichst eingeladen uns zu besuchen.<\/p>\n<p>Der Termin f\u00fcr die Einweihung der Wandmalerei von Benno Walldorf, im Parkhaus der<br \/>\nneuen Altstadt in Frankfurt, wird noch bekannt gegeben.<\/p>\n<p>\u201eDie versunkene Stadt &#8211; Stadtburgen und T\u00fcrme im mittelalterlichen Frankfurt\u201c<br \/>\nist der Titel des Vortrages von Frau Prof. Christin Scheiblauer, unser neues Mitglied, welche<br \/>\nsie am Mittwoch, dem 5. September 2018 um 19.30 Uhr im Holzhausenschl\u00f6sschen, Justinianstra\u00dfe 5,  60322 Frankfurt, halten wird. \u00dcber Ihre Anwesenheit freuen wir uns sehr.<\/p>\n<p>Am 25. September 2018 um 16.00 Uhr wird wieder unsere Gesamtvorstandsitzung im Cronstetten-Haus, Speicherstrasse 47, 60327 Frankfurt stattfinden. Gesonderte Einladungen<br \/>\nwerden an alle Vorstandsmitglieder rechtzeitig versendet<br \/>\nWir beabsichtigen auch bis Ende des Jahres einen Katalog \u00fcber die Arbeiten unserer<br \/>\nGesellschaft in den letzten 50 Jahren herauszugeben. Der Katalog ist in Bearbeitung<br \/>\nund wird nach Fertigstellung an alle Mitglieder kostenlos verteilt.<\/p>\n<p>Die Exkursion nach Madrid wird planm\u00e4\u00dfig vom 11. bis 14. Oktober 2018 durchgef\u00fchrt.<br \/>\nDie Teilnehmer erhalten in absehbarer Zeit die notwendigen Reiseunterlagen und Informationen.<\/p>\n<p>Gerne geben wir Ihnen wieder die Auktionstermine der Auktionsh\u00e4user D\u00f6britz und Arnold<br \/>\nf\u00fcr den Monat September 2018 bekannt.<\/p>\n<p>Auktionshaus D\u00f6britz: (Tel: 069-287733), Braubachstr.10, 60311 Frankfurt.<br \/>\nVaria Auktion am Samstag, dem 1. September 2018.<br \/>\nAuktionshaus Arnold: (Tel: 069-282779), Bleichstr. 40-42, 60313 Frankfurt<br \/>\nSchmuck-Auktion am Samstag, dem 22. September 2018.<\/p>\n<p>Wir hoffen Sie hatten alle einen sch\u00f6nen Sommerurlaub und erwarten Sie auf dem Museumsuferfest.<\/p>\n<p>Mit freundlichen Gr\u00fc\u00dfen<\/p>\n<p>Daria Bottero-Heller\t\t\t\t\t\t\tWilli M\u00fcller<\/p>","protected":false},"excerpt":{"rendered":"<p>Sehr geehrte Damen und Herren, liebe Kunstfreunde, zuerst m\u00fcssen wir alle Mitglieder mit dem Hinweis auf die neue europ\u00e4ische Datenschutz-Grundverordnung DSG-VO informieren. Die europaweit geltende Datenschutz-Grundverordnung DSG-VO ist am 25. Mai 2018 in Kraft getreten. Die Gesellschaft zur F\u00f6rderung Frankfurter &hellip; <a href=\"https:\/\/www.frankfurter-malerei.de\/?p=1202\">Weiterlesen <span class=\"meta-nav\">&rarr;<\/span><\/a><\/p>\n","protected":false},"author":2,"featured_media":0,"comment_status":"closed","ping_status":"open","sticky":false,"template":"","format":"standard","meta":{"rank_math_lock_modified_date":false,"footnotes":""},"categories":[24],"tags":[],"class_list":["post-1202","post","type-post","status-publish","format-standard","hentry","category-rundschreiben-3-2018"],"_links":{"self":[{"href":"https:\/\/www.frankfurter-malerei.de\/index.php?rest_route=\/wp\/v2\/posts\/1202","targetHints":{"allow":["GET"]}}],"collection":[{"href":"https:\/\/www.frankfurter-malerei.de\/index.php?rest_route=\/wp\/v2\/posts"}],"about":[{"href":"https:\/\/www.frankfurter-malerei.de\/index.php?rest_route=\/wp\/v2\/types\/post"}],"author":[{"embeddable":true,"href":"https:\/\/www.frankfurter-malerei.de\/index.php?rest_route=\/wp\/v2\/users\/2"}],"replies":[{"embeddable":true,"href":"https:\/\/www.frankfurter-malerei.de\/index.php?rest_route=%2Fwp%2Fv2%2Fcomments&post=1202"}],"version-history":[{"count":3,"href":"https:\/\/www.frankfurter-malerei.de\/index.php?rest_route=\/wp\/v2\/posts\/1202\/revisions"}],"predecessor-version":[{"id":1252,"href":"https:\/\/www.frankfurter-malerei.de\/index.php?rest_route=\/wp\/v2\/posts\/1202\/revisions\/1252"}],"wp:attachment":[{"href":"https:\/\/www.frankfurter-malerei.de\/index.php?rest_route=%2Fwp%2Fv2%2Fmedia&parent=1202"}],"wp:term":[{"taxonomy":"category","embeddable":true,"href":"https:\/\/www.frankfurter-malerei.de\/index.php?rest_route=%2Fwp%2Fv2%2Fcategories&post=1202"},{"taxonomy":"post_tag","embeddable":true,"href":"https:\/\/www.frankfurter-malerei.de\/index.php?rest_route=%2Fwp%2Fv2%2Ftags&post=1202"}],"curies":[{"name":"wp","href":"https:\/\/api.w.org\/{rel}","templated":true}]}}