{"id":1244,"date":"2018-10-18T17:16:27","date_gmt":"2018-10-18T16:16:27","guid":{"rendered":"http:\/\/www.frankfurter-malerei.de\/?p=1244"},"modified":"2019-02-18T17:19:03","modified_gmt":"2019-02-18T16:19:03","slug":"rundschreiben-4-2018","status":"publish","type":"post","link":"https:\/\/www.frankfurter-malerei.de\/?p=1244","title":{"rendered":"Rundschreiben 4\/2018"},"content":{"rendered":"<p>Sehr geehrte Damen und Herren,<br \/>\nliebe Kunstfreunde,<\/p>\n<p>im Jahre 2012 &#8211; 2013 musste das Technische Rathaus zu Gunsten der heutigen \u201eNeuen Altstadt\u201c weichen. 1974, bei der Fertigstellung des Technischen Rathauses,  erhielt Benno Walldorf den Auftrag, die W\u00e4nde  im Eingangsbereich, rechts und links des Aufgangs,  zu bemalen.<br \/>\nEin fr\u00fcheres Mitglied der Gesellschaft, Herrn Reinhold Schwartz und der Gesch\u00e4ftsf\u00fchrer der Dom-R\u00f6mer GmbH Herrn Michael Guntersdorf  haben wir es zu verdanken, dass ein Teil der Wandmalerei gerettet wurde. Daraufhin hat unsere Gesellschaft im Jahre 2012 eine Ausstellung von Benno Walldorf  im Liegenschaftsamt in Frankfurt unter der Schirm-<br \/>\nherrschaft von Herrn Alfred Gangel organisiert. Weiterhin hat sich die Gesellschaft bem\u00fcht, dass die Fresken wieder restauriert wurden. Nun strahlen die geretteten Wandmalereien gut integriert im zweiten Tiefuntergeschoss im Parkhaus am Dom\/R\u00f6mer.<\/p>\n<p>In Zusammenarbeit mit der Dom-R\u00f6mer GmbH und der Gesellschaft zur F\u00f6rderung Frankfurter Malerei e.V. werden am 25. Oktober 2018 von 11:00 Uhr bis 13:00 Uhr in einer Feierstunde die erhaltenen Wandmalereien von Benno Walldorf eingeweiht.<br \/>\nTreffpunkt Parkhaus am Dom\/R\u00f6mer, Domstra\u00dfe 1, 2. Tiefuntergeschoss, Reihe A-C.<br \/>\nBegleitet werden die Feierlichkeiten durch die Anwesenheit des Oberb\u00fcrgermeisters, Herrn Peter Feldmann. F\u00fcr die musikalische Umrahmung sorgt die ehemalige  Benno Walldorf Jazz &amp; Blues Combo mit dem heutigen Namen \u201eSwing Forever \u2013 Altmeister<br \/>\ndes Jazz,  mit 6 Mitgliedern. Auch f\u00fcr das leibliche Wohl ist gesorgt.<br \/>\nUm  10:00 Uhr, kurz vor der Einweihungsfeier,  wird ein Rundgang durch die \u201eNeue Altstadt\u201c angeboten. Interessenten treffen sich vor dem  Eingang des Kunstvereins,<br \/>\nR\u00f6merberg, Markt 44.  Bitte melden Sie sich an bei Frau Daria Bottero-Heller unter der Telefonnummer 06102-26223 oder daria.heller@gmx.de.<\/p>\n<p>Mit dem Cronstetten-Haus haben wir eine neue Vereinbarung getroffen. Die Adventsfeier entf\u00e4llt, daf\u00fcr ist ein Neujahrsempfang am Anfang des Jahres vorgesehen.<br \/>\nWeiterhin k\u00f6nnen wir unsere Mitgliederversammlung und die Vorstandssitzungen dort abhalten. Zus\u00e4tzlich sind 2 Vortr\u00e4ge mit  von uns ausgew\u00e4hlten Themen und Vortragenden vereinbart. Wir bedanken uns bei dem neuen Direktor, Herrn Nico Hallwas und freuen<br \/>\nuns auf eine weiterhin gute Zusammenarbeit.<br \/>\nDer angek\u00fcndigte Festakt zum 50. Jubil\u00e4um  am 22. Oktober 2018 wird aus terminlichen Gr\u00fcnden verschoben und findet jetzt am 15. November 2018 um 18:00 Uhr statt. Bei diesem Empfang werden die Mitglieder der ersten Stunde geehrt. Der Empfang  im Kaisersaal ist mit hohen  Kosten verbunden. Aus diesem Grund erwarten wir, dass alle Mitglieder anwesend sind. F\u00fcr Rollstuhlfahrer ist der Kaisersaal uneingeschr\u00e4nkt  begehbar. G\u00e4ste sind ebenfalls willkommen.<br \/>\nHerr Dr. J\u00fcrgen Eichenauer, Direktor des St\u00e4dtischen Museums in Offenbach, wird einen Vortrag \u00fcber die Kunst des 19. und 20. Jahrhunderts in Frankfurt halten. Ein Vertreter der Stadt Frankfurt wird ebenfalls anwesend sein. Wir sind stolz, dass dieser Empfang stattfinden kann und wir freuen uns auf Ihr Kommen. Einladungen werden von der Stadt Frankfurt versandt.<\/p>\n<p>Noch im letzten Quartal in diesem Jahr, sind 2 Museumsbesuche vorgesehen. Im St\u00e4del werden wir die Ausstellung von  Lotte Laserstein (1898-1993) eine sp\u00e4tere K\u00fcnstlerin der Weimarer Republik und Victor Vasarely (1906-1997) die zentrale Figur der franz\u00f6sischen Nachkriegskunst, sehen. Einladungen werden rechtzeitig verschickt.<\/p>\n<p>F\u00fcr unseren vorgesehen Katalog haben wir eine Spende von der Naspa Stiftung \u00fcber Euro 3.500 Euro erhalten. Die symbolische Spenden\u00fcbergabe erfolgte im R\u00f6mer in  Anwesenheit von Herrn Oberb\u00fcrgermeister Peter Feldmann, ein  Mitglied des Kuratoriums<br \/>\nund Herrn Rainer Probbernow, Gesch\u00e4ftsf\u00fchrer der Naspa Stiftung.<\/p>\n<p>Unsere Teilnahme am Museumsuferfest war ein gro\u00dfer Erfolg. Viele Interessenten haben sich gemeldet und wir konnten viele \u00e4ltere Kataloge verkaufen. Der Vorstand beschloss, dieTeilnahme im n\u00e4chsten Jahr fortzusetzen.<\/p>\n<p>Gerne geben wir Ihnen wieder die Auktionstermine der Auktionsh\u00e4user D\u00f6britz und Arnold in den Monaten November und Dezember 2018 bekannt.<\/p>\n<p>Auktionshaus D\u00f6britz: (Tel: 069-287733), Braubachstr.10, 60311 Frankfurt.<br \/>\nKunstauktion am Samstag, dem 10. November  2018.<br \/>\nAuktionshaus Arnold: (Tel: 069-282779), Bleichstr. 40-42, 60313 Frankfurt<br \/>\nAlte Kunst am Samstag, dem 17. November 2018.<br \/>\nModerne- und Zeitgen\u00f6ssische Kunst am Samstag, dem 24. November 2018<br \/>\nSchmuck, Juwelen, Uhren und M\u00fcnzen, am Samstag, dem 8. Dezember 2018.<\/p>\n<p>Wir w\u00fcnschen Ihnen eine sch\u00f6ne Zeit im Herbst und hoffen, Sie zu unseren<br \/>\nVeranstaltungen begr\u00fc\u00dfen zu d\u00fcrfen.<\/p>\n<p>Daria Bottero-Heller<\/p>\n","protected":false},"excerpt":{"rendered":"<p>Sehr geehrte Damen und Herren, liebe Kunstfreunde, im Jahre 2012 &#8211; 2013 musste das Technische Rathaus zu Gunsten der heutigen \u201eNeuen Altstadt\u201c weichen. 1974, bei der Fertigstellung des Technischen Rathauses, erhielt Benno Walldorf den Auftrag, die W\u00e4nde im Eingangsbereich, rechts &hellip; <a href=\"https:\/\/www.frankfurter-malerei.de\/?p=1244\">Weiterlesen <span class=\"meta-nav\">&rarr;<\/span><\/a><\/p>\n","protected":false},"author":2,"featured_media":0,"comment_status":"closed","ping_status":"open","sticky":false,"template":"","format":"standard","meta":{"rank_math_lock_modified_date":false,"footnotes":""},"categories":[24],"tags":[],"class_list":["post-1244","post","type-post","status-publish","format-standard","hentry","category-rundschreiben-3-2018"],"_links":{"self":[{"href":"https:\/\/www.frankfurter-malerei.de\/index.php?rest_route=\/wp\/v2\/posts\/1244","targetHints":{"allow":["GET"]}}],"collection":[{"href":"https:\/\/www.frankfurter-malerei.de\/index.php?rest_route=\/wp\/v2\/posts"}],"about":[{"href":"https:\/\/www.frankfurter-malerei.de\/index.php?rest_route=\/wp\/v2\/types\/post"}],"author":[{"embeddable":true,"href":"https:\/\/www.frankfurter-malerei.de\/index.php?rest_route=\/wp\/v2\/users\/2"}],"replies":[{"embeddable":true,"href":"https:\/\/www.frankfurter-malerei.de\/index.php?rest_route=%2Fwp%2Fv2%2Fcomments&post=1244"}],"version-history":[{"count":2,"href":"https:\/\/www.frankfurter-malerei.de\/index.php?rest_route=\/wp\/v2\/posts\/1244\/revisions"}],"predecessor-version":[{"id":1246,"href":"https:\/\/www.frankfurter-malerei.de\/index.php?rest_route=\/wp\/v2\/posts\/1244\/revisions\/1246"}],"wp:attachment":[{"href":"https:\/\/www.frankfurter-malerei.de\/index.php?rest_route=%2Fwp%2Fv2%2Fmedia&parent=1244"}],"wp:term":[{"taxonomy":"category","embeddable":true,"href":"https:\/\/www.frankfurter-malerei.de\/index.php?rest_route=%2Fwp%2Fv2%2Fcategories&post=1244"},{"taxonomy":"post_tag","embeddable":true,"href":"https:\/\/www.frankfurter-malerei.de\/index.php?rest_route=%2Fwp%2Fv2%2Ftags&post=1244"}],"curies":[{"name":"wp","href":"https:\/\/api.w.org\/{rel}","templated":true}]}}