{"id":1250,"date":"2019-02-08T17:37:53","date_gmt":"2019-02-08T16:37:53","guid":{"rendered":"http:\/\/www.frankfurter-malerei.de\/?p=1250"},"modified":"2019-02-18T17:39:34","modified_gmt":"2019-02-18T16:39:34","slug":"rundschreiben-1-2019","status":"publish","type":"post","link":"https:\/\/www.frankfurter-malerei.de\/?p=1250","title":{"rendered":"Rundschreiben 1\/2019"},"content":{"rendered":"<p>Sehr geehrte Damen und Herren,\t\t\t\t8. Februar 2019<br \/>\nliebe Kunstfreunde,<\/p>\n<p>wir hoffen, dass Sie das neue Jahr 2019 gut angefangen haben und wir w\u00fcnschen Ihnen allen Gesundheit, Gl\u00fcck und Wohlergehen.<\/p>\n<p>Unser Jubil\u00e4umsjahr 2018 war f\u00fcr uns ein Jahr voller H\u00f6hepunkte mit Exkursionen, einer gro\u00dfen Ausstellung, unserem Festakt im R\u00f6mer und vielen anderen Aktivit\u00e4ten.<br \/>\nDieses Jahr, 2019, wird auch ohne Jubil\u00e4um wieder ein Jahr der Herausforderungen sein, verbunden mit der Hoffnung, dass unsere W\u00fcnsche f\u00fcr die Gesellschaft wieder in Erf\u00fcllung gehen.<\/p>\n<p>Die Museumsgruppe hat in diesem Jahr mit dem Besuch der Ausstellung:<br \/>\n\u201eEin Tag am Meer. Slevogt, Liebermann &amp; Cassirer\u201c im Landesmuseum Mainz, Gro\u00dfe Bleiche 49-51, am Samstag, dem 9. Februar 2019, um 15:00 Uhr, begonnen.<\/p>\n<p>Danach  folgt die Ausstellung \u201eTizian und die Renaissance in Venedig\u201c im<br \/>\nSt\u00e4del Museum,  am Mittwoch, dem 13. Februar  um 15:00 Uhr.<\/p>\n<p>Und wieder an einem Mittwoch, dem 6. M\u00e4rz um 15.00 Uhr werden wir \u201eDie immer neu Altstadt, Bauen zwischen Dom und R\u00f6mer seit 1900\u201c im Deutschen Architekturmuseum, Schaumainkai 43, besuchen.<\/p>\n<p>Selbstverst\u00e4ndlich sind auch alle anderen interessierten Mitglieder dazu eingeladen uns in die Ausstellungen zu begleiten. Wenn Sie weitere Fragen haben oder sich zur Museumsgruppe anmelden m\u00f6chten, rufen Sie uns unter der Telefonnummer: 06102-26223 an, oder senden Sie eine E-Mail an: daria.heller@gmx.de.<\/p>\n<p>Mit Sekt, Musik, und einen Imbiss wird unser diesj\u00e4hriger Neujahrsempfang<br \/>\nam Sonntag, dem 24. Februar 2019 um 11:00 Uhr<br \/>\nim Cronstetten-Haus stattfinden.  F\u00fcr die musikalische Untermalung der Veranstaltung sind die Musiker, die uns schon beim Festakt im R\u00f6mer begleitet<br \/>\nhaben, zust\u00e4ndig.<br \/>\nWir  laden alle Mitglieder herzlichst ein, mit uns das neue Jahr zu begr\u00fc\u00dfen.<br \/>\nUnsere Mitgliederversammlung findet am<br \/>\nDienstag, dem 19. M\u00e4rz um 16:00 Uhr im Cronstetten-Haus statt.<br \/>\nDie Einladung und die Tagesordnungspunkte sind beigef\u00fcgt.<\/p>\n<p>In diesem Jahr m\u00f6chte sich die Gesellschaft  zum Anlass des 100-j\u00e4hrigen Jubil\u00e4ums des Bauhauses mit diesem Thema auseinander setzen. Auf diesem Grund planen wir von Donnerstag, dem 12. September, bis Montag, dem 15. September 2019 eine Exkursion nach Dessau.<br \/>\nDessau ist die Stadt, mit der das Bauhaus am st\u00e4rksten verbunden wird. Hier hat die 1919 in Weimar von Walter Gropius gegr\u00fcndete Hochschule am l\u00e4ngsten gewirkt, und zwischen den Jahren 1925 bis 1932 ihre Bl\u00fctezeit erlebt. Alle drei Bauhausdirektoren, Walter Gropius, Hannes Meyer und Ludwig Mies van der Rohe haben das Bauhaus in Dessau gepr\u00e4gt. Nahezu alle Bauhausbauten die in Dessau entstanden sind, z\u00e4hlen heute zu den Ikonen der Architektur des 20. Jahrhunderts.<\/p>\n<p>In Frankfurt  wollen wir im Laufe des Jahres die Ernst-May-Siedlung in Frankfurt besuchen. Verschiedene andere Veranstaltungen sind zus\u00e4tzlich geplant,  deren Themen und Terminen wir noch bekannt geben.<\/p>\n<p>Die angek\u00fcndigte Ausstellung f\u00fcr unsere  K\u00fcnstlerinnen und K\u00fcnstler in der Paulskirche ist wegen der Auflagen des Brandschutzes  vor\u00fcbergehende nicht m\u00f6glich. Wir versuchen ad\u00e4quate R\u00e4umlichkeiten zu finden und werden sp\u00e4ter dar\u00fcber berichten.<\/p>\n<p>Wir begr\u00fc\u00dfen als neues Mitglied die gesch\u00e4ftsf\u00fchrende Vorsitzende  des Vereins Freunde Frankfurts e.V., Frau Dr. Dr. h.c. Barbara Deppert-Lippitz und freuen uns auf eine gute Zusammenarbeit.<\/p>\n<p>Gleichzeitig freuen wir uns \u00fcber die neuen Mitglieder  Frau Johanna Erbe und Herrn Heinz-R\u00fcdiger Erbe sowie Frau Kender Crai.<\/p>\n<p>Gerne geben wir Ihnen wieder die Auktionstermine der Auktionsh\u00e4user D\u00f6britz und Arnold in im Monat  M\u00e4rz  2019 bekannt.<\/p>\n<p>Auktionshaus D\u00f6britz: (Tel: 069-287733), Braubachstr.10, 60311 Frankfurt.<br \/>\nDie 195. Kunstauktion findet am 16. M\u00e4rz  2019  statt, Beginn 10:00 Uhr.<\/p>\n<p>Auktionshaus Arnold: (Tel: 069-282779), Bleichstr. 40-42, 60313 Frankfurt<br \/>\nSchmuck -, Juwelen-, Uhrenauktion, am 16. M\u00e4rz 2019, Beginn 10:00 Uhr.<\/p>\n<p>Wir w\u00fcnschen Ihnen eine sch\u00f6ne Zeit und hoffen, Sie zu unseren Veranstaltungen<br \/>\nbegr\u00fc\u00dfen zu d\u00fcrfen.<\/p>\n<p>Daria Bottero-Heller\t\t\t\tWilli M\u00fcller<\/p>\n","protected":false},"excerpt":{"rendered":"<p>Sehr geehrte Damen und Herren, 8. Februar 2019 liebe Kunstfreunde, wir hoffen, dass Sie das neue Jahr 2019 gut angefangen haben und wir w\u00fcnschen Ihnen allen Gesundheit, Gl\u00fcck und Wohlergehen. Unser Jubil\u00e4umsjahr 2018 war f\u00fcr uns ein Jahr voller H\u00f6hepunkte &hellip; <a href=\"https:\/\/www.frankfurter-malerei.de\/?p=1250\">Weiterlesen <span class=\"meta-nav\">&rarr;<\/span><\/a><\/p>\n","protected":false},"author":2,"featured_media":0,"comment_status":"closed","ping_status":"open","sticky":false,"template":"","format":"standard","meta":{"rank_math_lock_modified_date":false,"footnotes":""},"categories":[24],"tags":[],"class_list":["post-1250","post","type-post","status-publish","format-standard","hentry","category-rundschreiben-3-2018"],"_links":{"self":[{"href":"https:\/\/www.frankfurter-malerei.de\/index.php?rest_route=\/wp\/v2\/posts\/1250","targetHints":{"allow":["GET"]}}],"collection":[{"href":"https:\/\/www.frankfurter-malerei.de\/index.php?rest_route=\/wp\/v2\/posts"}],"about":[{"href":"https:\/\/www.frankfurter-malerei.de\/index.php?rest_route=\/wp\/v2\/types\/post"}],"author":[{"embeddable":true,"href":"https:\/\/www.frankfurter-malerei.de\/index.php?rest_route=\/wp\/v2\/users\/2"}],"replies":[{"embeddable":true,"href":"https:\/\/www.frankfurter-malerei.de\/index.php?rest_route=%2Fwp%2Fv2%2Fcomments&post=1250"}],"version-history":[{"count":1,"href":"https:\/\/www.frankfurter-malerei.de\/index.php?rest_route=\/wp\/v2\/posts\/1250\/revisions"}],"predecessor-version":[{"id":1251,"href":"https:\/\/www.frankfurter-malerei.de\/index.php?rest_route=\/wp\/v2\/posts\/1250\/revisions\/1251"}],"wp:attachment":[{"href":"https:\/\/www.frankfurter-malerei.de\/index.php?rest_route=%2Fwp%2Fv2%2Fmedia&parent=1250"}],"wp:term":[{"taxonomy":"category","embeddable":true,"href":"https:\/\/www.frankfurter-malerei.de\/index.php?rest_route=%2Fwp%2Fv2%2Fcategories&post=1250"},{"taxonomy":"post_tag","embeddable":true,"href":"https:\/\/www.frankfurter-malerei.de\/index.php?rest_route=%2Fwp%2Fv2%2Ftags&post=1250"}],"curies":[{"name":"wp","href":"https:\/\/api.w.org\/{rel}","templated":true}]}}