{"id":1262,"date":"2020-01-08T17:16:27","date_gmt":"2020-01-08T16:16:27","guid":{"rendered":"http:\/\/www.frankfurter-malerei.de\/?p=1262"},"modified":"2020-01-08T17:16:27","modified_gmt":"2020-01-08T16:16:27","slug":"rundschreiben-2-2019","status":"publish","type":"post","link":"https:\/\/www.frankfurter-malerei.de\/?p=1262","title":{"rendered":"Rundschreiben 2\/2019"},"content":{"rendered":"<p>Sehr geehrte Damen und Herren,<br \/>\nliebe Kunstfreunde,<br \/>\nin der ordentlichen Mitgliederversammlung vom 19. M\u00e4rz 2019 wurden alle Tagesordnungspunkte besprochen und genehmigt. Der Jahresbericht 2018 unseres Schatzmeisters wurde an alle Teilnehmer verteilt und ordnungsgem\u00e4\u00df genehmigt.<br \/>\nDer Jahresabschluss wurde von den anwesenden Mitgliedern genehmigt. Der Vorstand wurde einstimmig entlastet. Das Jahresprogramm f\u00fcr 2019 wurde vorgestellt.<\/p>\n<p>Am Mittwoch dem 5. Juni 2019 um 19:30 Uhr findet im Cronstetten-Haus ,Speicherstrasse 39-47, 60327 Frankfurt  ein Vortrag \u00fcber \u201eDie Frankfurter Malerei des 19. und fr\u00fchen 20. Jahrhunderts\u201c statt. Der Vortragende wird Herr Dr. J\u00fcrgen Eichenhauer, Direktor vom Haus der Stadtgeschichte in Offenbach sein.<br \/>\nZu diesem interessanten Vortrag sind alle Mitglieder eingeladen.<br \/>\nAnmeldungen bis 31. Mai 2019. Per E-Mail: daria.heller@gmx.de oder telefonisch 06102-26223.<\/p>\n<p>Geplant ist am Samstag, dem 10. August 2019 eine Fahrt zur Burg Guttenberg in Ha\u00dfmersheim am Neckar, eine der \u00e4ltesten und sch\u00f6nsten Burgen in ganz Deutschland. Freiherr von Gemmingen-Guttenberg, gesch\u00e4ftsf\u00fchrender Administrator der Cronstetten- und Hynspergische evangelische Stiftung wird uns pers\u00f6nlich empfangen und mit uns gemeinsam das Museum besuchen und uns andere Sehensw\u00fcrdigkeiten zeigen. Diese Stiftung hat uns immer unterst\u00fctzt und ihr geh\u00f6rt, unter anderem, auch das Cronstetten-Haus.<\/p>\n<p>Das vorgesehene Datum f\u00fcr unsere Exkursion vom 12. bis 15. September 2019 nach Dessau, m\u00fcssen wie leider verschieben, weil f\u00fcr diesen Zeitraum keine Hotelreservierung m\u00f6glich war.<br \/>\nIm Jahr des 100 j\u00e4hrigen Bestehens des Bauhauses reisen sehr viele Touristen nach Dessau.<br \/>\nNeuer Termin:\tExkursion nach Dessau<br \/>\nDonnerstag, den 17. Oktober 2019<br \/>\nbis Sonntag, den 20. Oktober 2019<\/p>\n<p>Wir ben\u00f6tigen noch einmal eine Zusage f\u00fcr den neuen Termin bis 31.Mai 2019.<br \/>\nPer E-Mail daria.heller@gmx.de.<br \/>\nAls Anlage finden Sie unser Programm f\u00fcr Dessau.<\/p>\n<p>F\u00fcr das Museumsuferfest 2019 (23-25.August) hat die Gesellschaft wieder einen Standplatz gemietet und wir werden wieder gegen\u00fcber dem Liebighaus pr\u00e4sent sein.<br \/>\nWir freuen uns auf Ihren Besuch.<\/p>\n<p>Wir werden in diesem Jahr auch an der 13. Frankfurter Ehrenamtsmesse teilnehmen.<br \/>\nAm Samstag, dem 31. August 2019 von 10:30 bis 17:00 Uhr werden wir im Frankfurter R\u00f6mer pr\u00e4sent sein.<br \/>\nDies ist eine gute Gelegenheit, ehrenamtliche Mitarbeiter zu werben und die Gesellschaft vorzustellen.<\/p>\n<p>Die n\u00e4chste Gesamtvorstandssitzung  findet am Mittwoch, dem 25. September um 16:00 Uhr, im Cronstetten-Haus statt.<br \/>\nEinladung und Tagesordnung werden rechtzeitig versendet.<\/p>\n<p>Wir m\u00f6chten gerne in Zukunft unsere Rundschreiben per E-Mail versenden. Mitglieder, die dem Versand per E-Mail zustimmen, m\u00f6chten bitte eine E-Mail an: daria.heller@gmx.de senden.<\/p>\n<p>Gerne geben wir Ihnen wieder die Auktionstermine der Auktionsh\u00e4user D\u00f6britz und Arnold in den Monaten Mai und Juni bekannt.<\/p>\n<p>Auktionshaus D\u00f6britz: (Tel:069-287733), Braubachstr. 10, 60311 Frankfurt<br \/>\nDie 196. Kunstauktion findet am 4. Juni 2019 statt. Beginn 10:00 Uhr.<\/p>\n<p>Auktionshaus Arnold: (Tel. 069-282779), Bleichstr. 40-42 60313 Frankfurt.<br \/>\nKunstauktion, am 25. Mai 2019. Beginn 9:00 Uhr.<br \/>\nSchmuckauktion, am 22. Mai 2019. Beginn 10:00 Uhr.<\/p>\n<p>Wir w\u00fcnschen Ihnen eine sch\u00f6ne Sommerzeit und einen erholsamen Urlaub.<\/p>\n<p>Daria Bottero-Heller\tund\t\t\tWilli M\u00fcller<\/p>\n","protected":false},"excerpt":{"rendered":"<p>Sehr geehrte Damen und Herren, liebe Kunstfreunde, in der ordentlichen Mitgliederversammlung vom 19. M\u00e4rz 2019 wurden alle Tagesordnungspunkte besprochen und genehmigt. Der Jahresbericht 2018 unseres Schatzmeisters wurde an alle Teilnehmer verteilt und ordnungsgem\u00e4\u00df genehmigt. Der Jahresabschluss wurde von den anwesenden &hellip; <a href=\"https:\/\/www.frankfurter-malerei.de\/?p=1262\">Weiterlesen <span class=\"meta-nav\">&rarr;<\/span><\/a><\/p>\n","protected":false},"author":2,"featured_media":0,"comment_status":"closed","ping_status":"open","sticky":false,"template":"","format":"standard","meta":{"rank_math_lock_modified_date":false,"footnotes":""},"categories":[24],"tags":[],"class_list":["post-1262","post","type-post","status-publish","format-standard","hentry","category-rundschreiben-3-2018"],"_links":{"self":[{"href":"https:\/\/www.frankfurter-malerei.de\/index.php?rest_route=\/wp\/v2\/posts\/1262","targetHints":{"allow":["GET"]}}],"collection":[{"href":"https:\/\/www.frankfurter-malerei.de\/index.php?rest_route=\/wp\/v2\/posts"}],"about":[{"href":"https:\/\/www.frankfurter-malerei.de\/index.php?rest_route=\/wp\/v2\/types\/post"}],"author":[{"embeddable":true,"href":"https:\/\/www.frankfurter-malerei.de\/index.php?rest_route=\/wp\/v2\/users\/2"}],"replies":[{"embeddable":true,"href":"https:\/\/www.frankfurter-malerei.de\/index.php?rest_route=%2Fwp%2Fv2%2Fcomments&post=1262"}],"version-history":[{"count":2,"href":"https:\/\/www.frankfurter-malerei.de\/index.php?rest_route=\/wp\/v2\/posts\/1262\/revisions"}],"predecessor-version":[{"id":1264,"href":"https:\/\/www.frankfurter-malerei.de\/index.php?rest_route=\/wp\/v2\/posts\/1262\/revisions\/1264"}],"wp:attachment":[{"href":"https:\/\/www.frankfurter-malerei.de\/index.php?rest_route=%2Fwp%2Fv2%2Fmedia&parent=1262"}],"wp:term":[{"taxonomy":"category","embeddable":true,"href":"https:\/\/www.frankfurter-malerei.de\/index.php?rest_route=%2Fwp%2Fv2%2Fcategories&post=1262"},{"taxonomy":"post_tag","embeddable":true,"href":"https:\/\/www.frankfurter-malerei.de\/index.php?rest_route=%2Fwp%2Fv2%2Ftags&post=1262"}],"curies":[{"name":"wp","href":"https:\/\/api.w.org\/{rel}","templated":true}]}}