{"id":1296,"date":"2020-10-18T12:56:11","date_gmt":"2020-10-18T11:56:11","guid":{"rendered":"http:\/\/www.frankfurter-malerei.de\/?p=1296"},"modified":"2020-10-18T12:56:11","modified_gmt":"2020-10-18T11:56:11","slug":"rundschreiben-1-2020","status":"publish","type":"post","link":"https:\/\/www.frankfurter-malerei.de\/?p=1296","title":{"rendered":"Rundschreiben 1\/2020"},"content":{"rendered":"<p>Sehr geehrte Damen und Herren,<br \/>\nliebe Kunstfreunde,<\/p>\n<p>f\u00fcr das Neue Jahr m\u00f6chten wir noch allen Mitgliedern Gesundheit, Gl\u00fcck und Wohlergehen w\u00fcnschen.<\/p>\n<p>Wir bedanken uns bei allen die uns mit einer Spende bedacht haben, recht herzlich.<br \/>\nInsbesondere aber bei dem Ehepaar Edeltraud und Wolfgang Stegemann.<br \/>\nDie Unterst\u00fctzung all dieser Menschen ist f\u00fcr uns ein stetiger Ansporn weiter zu machen und f\u00fcr die Gesellschaft erfolgreich zu sein.<\/p>\n<p>Herzlich begr\u00fc\u00dfen wir die neuen Mitglieder Frau Chew Yin Hebekerl, Herr Manfred und Frau Monika Br\u00e4tz, Frau Ulrike Hock und Frau Karin Tart. Wir w\u00fcnschen Ihnen interessante Erlebnisse und Begebenheiten in unserer Gesellschaft.<\/p>\n<p>Die Museumsgruppe hat in diesem Jahr am 22. Januar mit dem Besuch der Ausstellung \u201eGeorg Heck (1897-1982) Retrospektive\u201c im Museum Giersch der Goethe-Universit\u00e4t, das Programm er\u00f6ffnet.<\/p>\n<p>Am Samstag, dem 1. Februar, haben wir das Museum Schl\u00f6sschen im Hofgarten in Wertheim mit der Ausstellung \u201e Eugen Bracht (1842-1921) \u2013 Maler der Atmosph\u00e4re &#8211; sein Werk und seine Sch\u00fcler\u201c, besucht.<\/p>\n<p>Der 26. Februar wird uns in der Schirn Kunsthalle Frankfurt in die Ausstellung<br \/>\n\u201eFantastische Frauen. Surreale Welten von Meret Oppenheim bis Frida Kahlo\u201c,<br \/>\nf\u00fchren.<\/p>\n<p>Unser diesj\u00e4hriger Neujahrsempfang wird im Cronstetten-Haus<br \/>\nam Sonntag, dem 16. Februar 2020, um 11:00 Uhr<br \/>\nstattfinden. Bei einem Sektempfang freuen wir uns, Sie mit Freunden und Bekannten<br \/>\nherzlich zu begr\u00fc\u00dfen.<br \/>\nZur musikalischen Untermalung dieser Veranstaltung spielt der Dirigent der Oper Frankfurt, Herr Simone Di Felice, mit Begleitung am Klavier.<\/p>\n<p>Unsere Mitgliederversammlung findet am Dienstag, dem 10. M\u00e4rz 2020, um 16:00 Uhr im Cronstetten-Haus statt. Die Einladung zur Mitgliederversammlung ist beigef\u00fcgt.<\/p>\n<p>Voraussichtlich Mitte Juni ist im Cronstetten-Haus ein Vortrag \u00fcber die\u201c Epoche der Romantik in Frankfurt\u201c  in Zusammenhang mit der Er\u00f6ffnung des neuen Romantik Museums, vorgesehen. Der genaue Termin wird Ihnen, nach Absprache mit dem Referenten, mitgeteilt.<br \/>\nWir planen im Laufe des Jahres mit dem Museum Wilhelm Steinhausen in Frankfurt und den Sch\u00fclern des Heinrich-von Gaggern-Gymnasiums, eine dem Maler Wilhelm Steinhausen (1846-1924) gewidmete Veranstaltung in Kollaboration mit dem Direktor des Museums, Herrn Constantin Paquet, und dem Schulleiter des  Gymnasiums, Herrn Dr. K\u00f6hlers.<\/p>\n<p>In diesem Zusammenhang ist auch Mitte Juli 2020  eine Tagesexkursion nach Wernigerode am Harz vorgesehen, wo sich im Huberhaus (Theoboldstift) noch Fresken von Wilhelm Steinhausen befinden. Beide Termine werden in unserem n\u00e4chsten Rundschreiben bekanntgegeben.<\/p>\n<p>Das Museumsuferfest findet vom 28.bis zum 30. August statt, und wir freuen uns<br \/>\nwieder mit einem Stand vertreten zu sein.<\/p>\n<p>In Zusammenarbeit mit \u201ePro Altstadt Frankfurt\u201c, dem \u201eKuratorium Kulturelles Frankfurt\u201c, der \u201cB\u00fcrgerinitiative Schauspielhaus\u201c und anderen Institutionen werden wir Ende des Jahres eine Ausstellung unserer K\u00fcnstlerinnen und K\u00fcnstlern organisieren. Das Thema und der Ort der Ausstellung werden  noch mitgeteilt.<\/p>\n<p>Anl\u00e4sslich des 500. Todestag des italienischen Hochrenaissance K\u00fcnstlers<br \/>\nRaffaello Sanzio da Urbino (1483-1520) hat der Vorstand entschieden, eine 4 t\u00e4gige<br \/>\nExkursion nach Mantua zu machen. Im Palazzo del Te und im Palazzo Ducale findet man<br \/>\ndie sch\u00f6nsten Bilder von Raffaello Sanzio.<\/p>\n<p>Anreise mit Bahn oder Flugzeug. 3 Hotel\u00fcbernachtungen in Verona.  Besuch der Oper \u201eNabucco\u201c in der Arena von Verona, ein Tag Besuch der Palazzi in Mantua.<br \/>\nDie Exkursion wird voraussichtlich vom Donnerstag, dem 3. bis Sonntag, dem 6. September  stattfinden. Interessenten k\u00f6nnen sich in die Teilnehmerliste beim Neujahrsempfang<br \/>\neintragen oder bis sp\u00e4testen Ende Februar anmelden.<\/p>\n<p>Gerne ver\u00f6ffentlichen wir wieder die Auktionstermine der Auktionsh\u00e4user D\u00f6britz und Arnold in den Monaten Januar bis M\u00e4rz.<\/p>\n<p>Auktionshaus D\u00f6britz: (Tel:069-287733), Braubachstr. 10, 60311 Frankfurt am Main.<br \/>\nDie 199. Kunstauktion findet am 14. M\u00e4rz 2020 statt. Beginn 10:00 Uhr.<\/p>\n<p>Auktionshaus Arnold: (Tel. 069-282779), Bleichstr. 40-42 60313 Frankfurt am Main.<br \/>\nSchmuck, Juwelen, Uhren, M\u00fcnzen und Medaillen, 21. M\u00e4rz 2020. Beginn 10:00 Uhr.<\/p>\n<p>Wir freuen uns Sie zu unserem Neujahrsempfang begr\u00fc\u00dfen zu d\u00fcrfen.<\/p>\n<p>Daria Bottero-Heller und Willi M\u00fcller<\/p>\n","protected":false},"excerpt":{"rendered":"<p>Sehr geehrte Damen und Herren, liebe Kunstfreunde, f\u00fcr das Neue Jahr m\u00f6chten wir noch allen Mitgliedern Gesundheit, Gl\u00fcck und Wohlergehen w\u00fcnschen. Wir bedanken uns bei allen die uns mit einer Spende bedacht haben, recht herzlich. Insbesondere aber bei dem Ehepaar &hellip; <a href=\"https:\/\/www.frankfurter-malerei.de\/?p=1296\">Weiterlesen <span class=\"meta-nav\">&rarr;<\/span><\/a><\/p>\n","protected":false},"author":2,"featured_media":0,"comment_status":"closed","ping_status":"open","sticky":false,"template":"","format":"standard","meta":{"rank_math_lock_modified_date":false,"footnotes":""},"categories":[24],"tags":[],"class_list":["post-1296","post","type-post","status-publish","format-standard","hentry","category-rundschreiben-3-2018"],"_links":{"self":[{"href":"https:\/\/www.frankfurter-malerei.de\/index.php?rest_route=\/wp\/v2\/posts\/1296","targetHints":{"allow":["GET"]}}],"collection":[{"href":"https:\/\/www.frankfurter-malerei.de\/index.php?rest_route=\/wp\/v2\/posts"}],"about":[{"href":"https:\/\/www.frankfurter-malerei.de\/index.php?rest_route=\/wp\/v2\/types\/post"}],"author":[{"embeddable":true,"href":"https:\/\/www.frankfurter-malerei.de\/index.php?rest_route=\/wp\/v2\/users\/2"}],"replies":[{"embeddable":true,"href":"https:\/\/www.frankfurter-malerei.de\/index.php?rest_route=%2Fwp%2Fv2%2Fcomments&post=1296"}],"version-history":[{"count":2,"href":"https:\/\/www.frankfurter-malerei.de\/index.php?rest_route=\/wp\/v2\/posts\/1296\/revisions"}],"predecessor-version":[{"id":1298,"href":"https:\/\/www.frankfurter-malerei.de\/index.php?rest_route=\/wp\/v2\/posts\/1296\/revisions\/1298"}],"wp:attachment":[{"href":"https:\/\/www.frankfurter-malerei.de\/index.php?rest_route=%2Fwp%2Fv2%2Fmedia&parent=1296"}],"wp:term":[{"taxonomy":"category","embeddable":true,"href":"https:\/\/www.frankfurter-malerei.de\/index.php?rest_route=%2Fwp%2Fv2%2Fcategories&post=1296"},{"taxonomy":"post_tag","embeddable":true,"href":"https:\/\/www.frankfurter-malerei.de\/index.php?rest_route=%2Fwp%2Fv2%2Ftags&post=1296"}],"curies":[{"name":"wp","href":"https:\/\/api.w.org\/{rel}","templated":true}]}}