{"id":1335,"date":"2021-08-04T13:48:55","date_gmt":"2021-08-04T12:48:55","guid":{"rendered":"http:\/\/www.frankfurter-malerei.de\/?p=1335"},"modified":"2021-08-04T13:48:55","modified_gmt":"2021-08-04T12:48:55","slug":"rundschreiben-2-2021","status":"publish","type":"post","link":"https:\/\/www.frankfurter-malerei.de\/?p=1335","title":{"rendered":"Rundschreiben 2\/2021"},"content":{"rendered":"<p>Sehr geehrte Damen und Herren,<br \/>\nliebe Kunstfreunde,<\/p>\n<p>der Sommer ist zur\u00fcckgekehrt, endlich niedrige Corona Zahlen, endlich wieder<br \/>\ngemeinsam auf Museumsentdeckung und endlich gemeinsam etwas planen. Nun<br \/>\nfreuen wir uns, nach der langen Pause, auf die n\u00e4chsten Termine mit Ihnen.<\/p>\n<p>Auf unserem Programm haben wir nun folgende Museumsbesuchen vorgesehen.<br \/>\nAm Mittwoch, dem 28. Juli 2021, um 15:00 Uhr St\u00e4del Frankfurt<br \/>\n\u2022\t \u201eSt\u00e4dels Beckmanns-Beckmanns St\u00e4del- Die Jahre in Frankfurt.<\/p>\n<p>Die F\u00fchrung ist f\u00fcr eine Gruppe von 25 Personen gedacht. Um einen sofortigen Eintritt zu erm\u00f6glichen, ist f\u00fcr allen, die nicht im Besitz einer Museums Card sind, ist die Bestellung eines Zeitfenstertickets zu empfehlen.<\/p>\n<p>Am Mittwoch, dem 25. August 2021um 15:00 Uhr, Landesmuseum Darmstadt<br \/>\n\u2022\t      Dauerausstellung, Kunst 19. &#8211; 21. Jahrhundert<br \/>\nmit Gem\u00e4lden unter anderen, von,Lovis Corint, Eugen Pracht,<br \/>\nAnselm Feuerbach, Arnold B\u00f6cklins, Ernst Ludwig Kirchner<br \/>\nMax Pechstein, August Macke und Lyonel Feininger.<br \/>\n\u25e6<br \/>\nAm Mittwoch, dem 13. Oktober 2021, um 15:00 Uhr, Schirn Kunsthalle, Frankfurt<br \/>\nPaula Modersohn &#8211; Becker (1876-1907)<br \/>\nEine deutsche K\u00fcnstlerin der Klassischen Moderne.<\/p>\n<p>Wir freuen uns mitteilen zu d\u00fcrfen, dass unser Ehrenmitglied, Herrn Dr. Werner Montag Generalkonsul a. D.  am 3. Juli 2021, 100 Jahr alt geworden ist. F\u00fcr diesen ganz besonderen Ehrentag, hat der Vorstand als Zeichnen der Anerkennung f\u00fcr langj\u00e4hrige Treue eine Geburtstagstorte \u00fcberreicht. Auch im Namen aller Mitglieder w\u00fcnschen wir ihm nachtr\u00e4glich, alles Gute, Gesundheit und ein langes Leben<\/p>\n<p>Wie schon in unserem Rundschreiben Nr. 2 vom August 2020 angek\u00fcndigt, wollen wir uns auf die Spuren des Malers Wilhelm Steinhausen (1846-1924) in Wernigerode begeben.<\/p>\n<p>Dort im \u201eHuberhaus\u201c ehemalige St. Theobald Stiftung und heute eine Freizeitst\u00e4tte f\u00fcr alle Altersstufen, befindet sich im gro\u00dfen Saal (Steinhausensaal) Wandgem\u00e4lde des K\u00fcnstlers mit der Kreuzigung und Jesus Gastmahl, die er zwischen 1892-1894 im Auftrag von dem preu\u00dfischen Kulturminister gemalt hat.<\/p>\n<p>Bei dieser Gelegenheit m\u00f6chten wir auch, mit \u00dcbernachtung, die zauberhaft Kaiserstadt Goslar besuchen die nur 40 km von Wernigerode entfernt ist und Ihre Kultursch\u00e4tze, wie der Kaiserpfalz, der Dom und die Liebfrauenkirche, bewundern.<\/p>\n<p>Die Exkursion, mit zwei \u00dcbernachtungen, ist vom 16. bis 18. September 2021 vorgesehen.<br \/>\nVoraussichtliche Kosten, Fahrt Euro 80,00 pro Person, Hotel Doppelzimmer mit Fr\u00fchst\u00fcck f\u00fcr 2 Tage Euro 280,00, zus\u00e4tzlich Auslagen f\u00fcr F\u00fchrungen und Mahlzeiten.<\/p>\n<p>Damit wir rechtzeitig planen k\u00f6nnen, sind die Interessenten gebeten, sich bis 7. August 2021 per E-Mail oder per Telefon bei Frau Bottero-Heller zu melden.<\/p>\n<p>Unsere geplante Ausstellung \u00fcber die ehemalige \u201eAlte B\u00f6rse\u201c wird in den R\u00e4umen der Industrie- und Handelskammer Frankfurt (IHK), mit der freundlichen Unterst\u00fctzung von Herrn Dr. Theodor Weimer, Vorsitzender der Deutsche B\u00f6rse AG, stattfinden.<br \/>\nWir wissen sehr zu sch\u00e4tzen, dass Frau Prof. Christin Scheiblauer auf der Grundlage ihrer Studie und Recherchen \u00fcber die Alte B\u00f6rse, die Ausstellung mitgestalten wird.<br \/>\nUnsere K\u00fcnstlerinnen und K\u00fcnstler werden mit deren eigenen Werken und Inspirationen die Ausstellung erg\u00e4nzen und sich mit diesem Thema auseinandersetzen.<br \/>\nWir freuen uns auch auf die Kooperation bei dieser Ausstellung mit den \u201eFreunde Frankfurts\u201c, und bedanken uns bei der 1. Vorsitzende, Frau Dr. Barbara Deppert-Lippitz f\u00fcr ihre freundliche Unterst\u00fctzung.<\/p>\n<p>Sobald der Termin der Ausstellung bekannt ist, wir werden sie sofort informieren.<br \/>\nGerne ver\u00f6ffentlichen wir wieder die Auktionstermine der Auktionsh\u00e4user Arnold<br \/>\nund D\u00f6britz f\u00fcr die Monate September bis November 2021.<\/p>\n<p>Auktionshaus Arnold: (Tel:069-282779), Bleichstr. 40-42, 60313 Frankfurt \/ Main.<br \/>\nSchmuck-Auktion findet am Samstag, dem 18. September 2021, um 10 Uhr statt.<\/p>\n<p>Auktionshaus D\u00f6britz: (Tel: 069-287733) Braubachstr.10 &#8211; 60311 Frankfurt \/ Main.<br \/>\n204. Kunstauktion findet am Samstag, den 13. November 2021, um 10 Uhr statt.<\/p>\n<p>Wir w\u00fcnschen allen Mitgliedern alles Gute, sonnige Tage, Gesundheit,<br \/>\nweniger Beschr\u00e4nkungen und freuen uns auf ein baldiges Wiedersehen.<\/p>\n<p>Mit freundlichen Gr\u00fc\u00dfen<br \/>\nDaria Bottero-Heller                          Willi M\u00fcller<\/p>\n<p>___________________________________________________________________________<\/p>\n","protected":false},"excerpt":{"rendered":"<p>Sehr geehrte Damen und Herren, liebe Kunstfreunde, der Sommer ist zur\u00fcckgekehrt, endlich niedrige Corona Zahlen, endlich wieder gemeinsam auf Museumsentdeckung und endlich gemeinsam etwas planen. Nun freuen wir uns, nach der langen Pause, auf die n\u00e4chsten Termine mit Ihnen. Auf &hellip; <a href=\"https:\/\/www.frankfurter-malerei.de\/?p=1335\">Weiterlesen <span class=\"meta-nav\">&rarr;<\/span><\/a><\/p>\n","protected":false},"author":2,"featured_media":0,"comment_status":"closed","ping_status":"open","sticky":false,"template":"","format":"standard","meta":{"rank_math_lock_modified_date":false,"footnotes":""},"categories":[24],"tags":[],"class_list":["post-1335","post","type-post","status-publish","format-standard","hentry","category-rundschreiben-3-2018"],"_links":{"self":[{"href":"https:\/\/www.frankfurter-malerei.de\/index.php?rest_route=\/wp\/v2\/posts\/1335","targetHints":{"allow":["GET"]}}],"collection":[{"href":"https:\/\/www.frankfurter-malerei.de\/index.php?rest_route=\/wp\/v2\/posts"}],"about":[{"href":"https:\/\/www.frankfurter-malerei.de\/index.php?rest_route=\/wp\/v2\/types\/post"}],"author":[{"embeddable":true,"href":"https:\/\/www.frankfurter-malerei.de\/index.php?rest_route=\/wp\/v2\/users\/2"}],"replies":[{"embeddable":true,"href":"https:\/\/www.frankfurter-malerei.de\/index.php?rest_route=%2Fwp%2Fv2%2Fcomments&post=1335"}],"version-history":[{"count":1,"href":"https:\/\/www.frankfurter-malerei.de\/index.php?rest_route=\/wp\/v2\/posts\/1335\/revisions"}],"predecessor-version":[{"id":1336,"href":"https:\/\/www.frankfurter-malerei.de\/index.php?rest_route=\/wp\/v2\/posts\/1335\/revisions\/1336"}],"wp:attachment":[{"href":"https:\/\/www.frankfurter-malerei.de\/index.php?rest_route=%2Fwp%2Fv2%2Fmedia&parent=1335"}],"wp:term":[{"taxonomy":"category","embeddable":true,"href":"https:\/\/www.frankfurter-malerei.de\/index.php?rest_route=%2Fwp%2Fv2%2Fcategories&post=1335"},{"taxonomy":"post_tag","embeddable":true,"href":"https:\/\/www.frankfurter-malerei.de\/index.php?rest_route=%2Fwp%2Fv2%2Ftags&post=1335"}],"curies":[{"name":"wp","href":"https:\/\/api.w.org\/{rel}","templated":true}]}}