{"id":1345,"date":"2021-10-23T17:28:37","date_gmt":"2021-10-23T16:28:37","guid":{"rendered":"http:\/\/www.frankfurter-malerei.de\/?p=1345"},"modified":"2021-10-23T17:28:37","modified_gmt":"2021-10-23T16:28:37","slug":"rundschreiben-3-2021","status":"publish","type":"post","link":"https:\/\/www.frankfurter-malerei.de\/?p=1345","title":{"rendered":"Rundschreiben 3\/2021"},"content":{"rendered":"<p>Sehr geehrte Damen und Herren,<br \/>\nliebe Kunstfreunde,<\/p>\n<p>mit tiefer Best\u00fcrzung haben wir vom Tod unseres Mitglieds Herrn J\u00fcrgen Helfenbein erfahren. Wir erinnern uns gerne an unsere Begegnungen mit ihm, insbesondere bei unseren Museumsbesuchen. Seine freundliche und angenehme Art wird uns sehr fehlen. Unsere Gedanken sind bei seiner Frau, seiner Familie und seinen Angeh\u00f6rigen.<\/p>\n<p>Auch wenn die Pandemie noch nicht besiegt ist, besteht die Hoffnung, dass wir nun schrittweise wieder zu einem normalen Alltag gelangen werden.<\/p>\n<p>Mit unserer Museumsgruppe konnten wir im Monat Juli die Max Beckmann<br \/>\nAusstellung im St\u00e4del und im Monat August die Sammlung der Gem\u00e4lde vom 19.<br \/>\nJahrhundert ins Landesmuseum in Darmstadt besuchen.<\/p>\n<p>Im Monat September ist es uns gelungen, die schon seit langen geplante Exkursion nach Wernigerode durchzuf\u00fchren und die Fresken des Frankfurter Malers Wilhelm Steinhausen (1846 \u20131924) im Huberhaus zu besichtigen.<br \/>\nAls besonderen Gast konnten wir den Gesch\u00e4ftsf\u00fchrer der Steinhausen Stiftung, Herrn Constantin Paquet, begr\u00fc\u00dfen, der uns die Bedeutung des Wandbildes mit Kreuzigung und Abendmahl im Steinhausensaal erkl\u00e4rte. Der Maler erhielt den Auftrag vom Preu\u00dfischen Kultusminister und hat diesen zwischen 1892 bis 1894 vollendet.<\/p>\n<p>Am Dienstag, dem 9. November um 16:00 Uhr, findet unsere diesj\u00e4hrige Mitgliederversammlung nun im Cronstetten-Haus statt. Die Einladung ist als Anlage beigef\u00fcgt.<\/p>\n<p>Am Dienstag, dem 23. November, wieder um 16:00 Uhr, planen wir den Besuch der Ausstellung Ich. Max Liebermann\u201c im Hessischen Landesmuseum in Darmstadt.<\/p>\n<p>Voraussichtlich am Mittwoch, dem 8. Dezember 2021, besuchen wir die Ausstellung \u201eNennt mich Rembrandt\u201c im St\u00e4del in Frankfurt. Einladungen an die Museumsgruppe werden gesondert von Herrn Helmut Reifschneider, unserem Museumsgruppenleiter, zugeschickt.<\/p>\n<p>Mit einem Sektempfang und eine Einf\u00fchrung in Ihr Werk, wird am Samstag, dem<br \/>\n06. November 2021 um 16:00 Uhr in dem Johanniter-Haus Dietrichsroth, Taunusstra\u00dfe 54 in Dreieich, die Ausstellung \u201eEnergie \u2013 Wasser und Weltall\u201c von unserer K\u00fcnstlerin Frau Monika Br\u00e4tz er\u00f6ffnet. Alle Mitglieder sind herzlich dazu eingeladen. N\u00e4here Informationen gibt Ihnen gerne die K\u00fcnstlerin pers\u00f6nlich unter der Telefonnummer 06074-67100.<\/p>\n<p>Unserer Schatzmeister, Herr Helmut Reifschneider, l\u00e4dt alle Mitglieder zu einer Weihnachtsfeier am Samstag, dem 11. Dezember, um 19:00 Uhr in sein Haus in  der Schwindstra\u00dfe 7 Frankfurt Westend-S\u00fcd ein. Wir finden das sehr gro\u00dfz\u00fcgig von ihm, und f\u00fcr diese Einladung der ganz besonderen Art bedanken wir uns schon im Voraus. Um Anmeldung wird bis Ende November 2021 telefonisch oder per E-Mail bei Frau Daria Bottero-Heller gebeten. Es gilt die 2G Regel.<\/p>\n<p>Gerne ver\u00f6ffentlichen wir wieder die Auktionstermine der Auktionsh\u00e4user Arnold und D\u00f6britz f\u00fcr den Monat November 2021.<\/p>\n<p>Auktionshaus Arnold: (Tel:069-282779), Bleichstr. 40-42, 60313 Frankfurt \/ Main.<br \/>\nKunstauktion findet am Samstag, dem 20. November 2021, um 10 Uhr statt.<br \/>\nKunstauktion findet am Samstag, dem 27. November 2021, um 18 Uhr statt.<\/p>\n<p>Auktionshaus D\u00f6britz: (Tel: 069-287733) Braubachstr.10 &#8211; 60311 Frankfurt \/ Main.<br \/>\n204. Kunstauktion findet am Samstag, dem 13. November 2021, um 10 Uhr statt.<\/p>\n<p>Wir hoffen, dass die vorgenannten Veranstaltungen Ihr Interesse finden und wir<br \/>\nuns wiedersehen k\u00f6nnen.<\/p>\n<p>Mit herzlichen Gr\u00fc\u00dfen<\/p>\n<p>Daria Bottero-Heller und Willi M\u00fcller<\/p>\n","protected":false},"excerpt":{"rendered":"<p>Sehr geehrte Damen und Herren, liebe Kunstfreunde, mit tiefer Best\u00fcrzung haben wir vom Tod unseres Mitglieds Herrn J\u00fcrgen Helfenbein erfahren. Wir erinnern uns gerne an unsere Begegnungen mit ihm, insbesondere bei unseren Museumsbesuchen. Seine freundliche und angenehme Art wird uns &hellip; <a href=\"https:\/\/www.frankfurter-malerei.de\/?p=1345\">Weiterlesen <span class=\"meta-nav\">&rarr;<\/span><\/a><\/p>\n","protected":false},"author":2,"featured_media":0,"comment_status":"closed","ping_status":"open","sticky":false,"template":"","format":"standard","meta":{"rank_math_lock_modified_date":false,"footnotes":""},"categories":[24],"tags":[],"class_list":["post-1345","post","type-post","status-publish","format-standard","hentry","category-rundschreiben-3-2018"],"_links":{"self":[{"href":"https:\/\/www.frankfurter-malerei.de\/index.php?rest_route=\/wp\/v2\/posts\/1345","targetHints":{"allow":["GET"]}}],"collection":[{"href":"https:\/\/www.frankfurter-malerei.de\/index.php?rest_route=\/wp\/v2\/posts"}],"about":[{"href":"https:\/\/www.frankfurter-malerei.de\/index.php?rest_route=\/wp\/v2\/types\/post"}],"author":[{"embeddable":true,"href":"https:\/\/www.frankfurter-malerei.de\/index.php?rest_route=\/wp\/v2\/users\/2"}],"replies":[{"embeddable":true,"href":"https:\/\/www.frankfurter-malerei.de\/index.php?rest_route=%2Fwp%2Fv2%2Fcomments&post=1345"}],"version-history":[{"count":2,"href":"https:\/\/www.frankfurter-malerei.de\/index.php?rest_route=\/wp\/v2\/posts\/1345\/revisions"}],"predecessor-version":[{"id":1347,"href":"https:\/\/www.frankfurter-malerei.de\/index.php?rest_route=\/wp\/v2\/posts\/1345\/revisions\/1347"}],"wp:attachment":[{"href":"https:\/\/www.frankfurter-malerei.de\/index.php?rest_route=%2Fwp%2Fv2%2Fmedia&parent=1345"}],"wp:term":[{"taxonomy":"category","embeddable":true,"href":"https:\/\/www.frankfurter-malerei.de\/index.php?rest_route=%2Fwp%2Fv2%2Fcategories&post=1345"},{"taxonomy":"post_tag","embeddable":true,"href":"https:\/\/www.frankfurter-malerei.de\/index.php?rest_route=%2Fwp%2Fv2%2Ftags&post=1345"}],"curies":[{"name":"wp","href":"https:\/\/api.w.org\/{rel}","templated":true}]}}