{"id":1372,"date":"2022-06-30T11:48:04","date_gmt":"2022-06-30T10:48:04","guid":{"rendered":"http:\/\/www.frankfurter-malerei.de\/?p=1372"},"modified":"2022-06-30T11:48:04","modified_gmt":"2022-06-30T10:48:04","slug":"rundschreiben-3-2022","status":"publish","type":"post","link":"https:\/\/www.frankfurter-malerei.de\/?p=1372","title":{"rendered":"Rundschreiben 3\/2022"},"content":{"rendered":"<p>Rundschreiben 3\/2022<\/p>\n<p>Sehr geehrte Damen und Herren,<br \/>\nliebe Kunstfreunde,<\/p>\n<p>unsere Exkursion nach Dachau war ein voller Erfolg. Bei sch\u00f6nem Wetter sind wir mit dem Zug p\u00fcnktlich angekommen.<br \/>\nBewundernswert waren dort die zahlreichen Exponate der K\u00fcnstler, die im 19.Jahrhundert aus den St\u00e4dten fl\u00fcchteten und auf der Suche von landschaftlichen Motiven waren. Unter Ihnen ber\u00fchmte Namen, wie, Adolf H\u00f6lzel, Ludwig Dill, Arthur Langhammer,Fritz von Uhde, Karl Spitzweg und Wilhelm Leibl und sp\u00e4ter Max Liebermann, Lovis Korinth, Max Slevogt. Auch die kleine Stadt Dachau, mit Ihren Gassen und Fachwerkh\u00e4usern ist beachtenswert. Besonders die K\u00fcnstlervillen, eingebettet in alten Baumbest\u00e4nden mit einer einhundertj\u00e4hrigen Geschichte, haben uns fast vergessen lassen, dass Dachau heute haupts\u00e4chlich als Standort eines der ersten nationalsozialistischen Konzentrationslager bekannt ist.<\/p>\n<p>Vom Donnerstag 22. bis Sonntag dem 25. September, 2022, wie schon angek\u00fcndigt, wird unsere j\u00e4hrliche Exkursion uns nach Amsterdam f\u00fchren.<br \/>\nDort werden wir das Rijksmuseum, mit einer gro\u00dfen Sammlung der Malerei aus dem \u201eGoldenen Zeitalter\u201c der Niederlande mit Werken von Jan Vermeer, Frans Hals und Rembrandt mit seinem ber\u00fchmten Gem\u00e4lde die \u201eNachtwache\u201c, bewundern. Auch sein Haus, das heute als Museum umgebaut wurde mit seinem noch erhaltenen Atelier, werden wir besichtigen.<br \/>\nNicht zu verpassen ist das Van-Gogh-Museum, das nicht nur mehr als 200 Werken und Zeichnungen des K\u00fcnstlers zu sehen sind, sondern auch anderen Werken von Impressionisten und Postimpressionisten.<br \/>\nInteressenten, die sich noch nicht gemeldet haben, werden gebeten sich per E-Mail<br \/>\ndaria.heller@gmx.de  bis 15. Juli 2022 zu melden.<\/p>\n<p>Am Mittwoch, dem 20. Juli 2022 werden wir die Ausstellung von Ottilie W. R\u00f6derstein (1859-1937) Im St\u00e4del besuchen. Die deutsch-schweizerische K\u00fcnstlerin lebte ab 1891<br \/>\nin Frankfurt, ab 1909 in Hofheim am Taunus, wo sie 1937 starb.<\/p>\n<p>Am Mittwoch, dem 10. August 2022 werden wir im Landesmuseum in Wiesbaden<br \/>\ndie Ausstellung von, der heute noch lebenden K\u00fcnstler, Frank Stella besuchen.<br \/>\nEinladung werden Sie rechtzeitig von unserem Museumgruppenleiter, Herrn Helmut Reifschneider erhalten.<\/p>\n<p>Unser Sommerfest findet am Samstag, dem 30. Juli um 16:30 Uhr bei Herrn Wolfgang<br \/>\nStritt, Neufeld 1, Frankfurt am Main statt. Das ist eine einmalige Gelegenheit f\u00fcr unseren Mitgliedern eine private und lobenswerte Sammlung zu bewundern. Interessenten sind gebeten sich per E-Mail daria.heller@gmx.de bei Frau Bottero-Heller bis zum 15. Juli 2022<br \/>\nzu melden.<\/p>\n<p>Am 26. bis 28. August 2022 freuen wir uns wieder in diesem Jahr auf das Museumuferfest mit 2 Zelten pr\u00e4sent zu sein. Auch unsere K\u00fcnstlerinnen und K\u00fcnstler sind herzlich einge-<br \/>\nladen, Ihre Kunstwerke zu pr\u00e4sentieren. F\u00fcr weitere Fragen steht Ihnen Frau Bottero-Heller zur Verf\u00fcgung.<\/p>\n<p>Eine freudige Mitteilung an alle K\u00fcnstlerinnen und K\u00fcnstler der Gesellschaft. Unsere langersehnte Ausstellung \u00fcber die Alte B\u00f6rse am Paulsplatz findet n\u00e4chstes Jahr vom<br \/>\n02. bis zum 14. Februar 2023 in der Paulskirche statt. Nach vielen Schwierigkeiten und Absagen, ist es uns gelungen ,mit Unterst\u00fctzung der neuen B\u00fcrgermeisterin Frau Eskandari-Gr\u00fcnberg, die auch bereit ist die Schirmherrschaft zu \u00fcbernehmen, einen Ausstellungsraum in der Paulskirche zu bekommen  Aus der Forschungsarbeit von Frau Prof. Scheiblauer \u00fcber diesem Thema, ist ein Buch geworden, das bald ver\u00f6ffentlicht wird.<br \/>\nAb Mitte Juli 2022 wird Frau Bottero-Heller alle K\u00fcnstlerinnen und K\u00fcnstler, die schon einverstanden waren bei der Ausstellung mitzumachen, anzusprechen und genauere Angabe dar\u00fcber machen.<\/p>\n<p>Am 28. September 2022 um 16.00 Uhr wird unsere n\u00e4chste Gesamtvorstandssitzung im Cronstettenhaus stattfinden. Einladung mit Tagesordnungspunkten werden wir ab Mitte September versenden.<\/p>\n<p>Gerne ver\u00f6ffentlichen wir wieder die Auktionstermine der Auktionsh\u00e4user Arnold<br \/>\nund D\u00f6britz f\u00fcr den Monat Juni 2022.<\/p>\n<p>Auktionshaus Arnold: (Tel:069-282779), Bleichstr. 40-42, 60313 Frankfurt \/ Main.<br \/>\nSchmuckauktion findet am Samstag, dem 28. Juni 2022, um 10 Uhr statt.<\/p>\n<p>Auktionshaus D\u00f6britz: (Tel: 069-287733) Braubachstr.10 &#8211; 60311 Frankfurt \/ Main.<br \/>\n206. Kunstauktion findet am Samstag, dem 11. Juni 2022, um 10 Uhr statt.<\/p>\n<p>Bleiben Sie gesund, wir freuen uns auf ein baldiges Wiedersehen bei unseren anstehenden Veranstaltungen.<\/p>\n<p>Daria Bottero-Heller\t\t               Willi M\u00fcller<\/p>\n","protected":false},"excerpt":{"rendered":"<p>Rundschreiben 3\/2022 Sehr geehrte Damen und Herren, liebe Kunstfreunde, unsere Exkursion nach Dachau war ein voller Erfolg. Bei sch\u00f6nem Wetter sind wir mit dem Zug p\u00fcnktlich angekommen. Bewundernswert waren dort die zahlreichen Exponate der K\u00fcnstler, die im 19.Jahrhundert aus den &hellip; <a href=\"https:\/\/www.frankfurter-malerei.de\/?p=1372\">Weiterlesen <span class=\"meta-nav\">&rarr;<\/span><\/a><\/p>\n","protected":false},"author":2,"featured_media":0,"comment_status":"closed","ping_status":"open","sticky":false,"template":"","format":"standard","meta":{"rank_math_lock_modified_date":false,"footnotes":""},"categories":[24],"tags":[],"class_list":["post-1372","post","type-post","status-publish","format-standard","hentry","category-rundschreiben-3-2018"],"_links":{"self":[{"href":"https:\/\/www.frankfurter-malerei.de\/index.php?rest_route=\/wp\/v2\/posts\/1372","targetHints":{"allow":["GET"]}}],"collection":[{"href":"https:\/\/www.frankfurter-malerei.de\/index.php?rest_route=\/wp\/v2\/posts"}],"about":[{"href":"https:\/\/www.frankfurter-malerei.de\/index.php?rest_route=\/wp\/v2\/types\/post"}],"author":[{"embeddable":true,"href":"https:\/\/www.frankfurter-malerei.de\/index.php?rest_route=\/wp\/v2\/users\/2"}],"replies":[{"embeddable":true,"href":"https:\/\/www.frankfurter-malerei.de\/index.php?rest_route=%2Fwp%2Fv2%2Fcomments&post=1372"}],"version-history":[{"count":1,"href":"https:\/\/www.frankfurter-malerei.de\/index.php?rest_route=\/wp\/v2\/posts\/1372\/revisions"}],"predecessor-version":[{"id":1373,"href":"https:\/\/www.frankfurter-malerei.de\/index.php?rest_route=\/wp\/v2\/posts\/1372\/revisions\/1373"}],"wp:attachment":[{"href":"https:\/\/www.frankfurter-malerei.de\/index.php?rest_route=%2Fwp%2Fv2%2Fmedia&parent=1372"}],"wp:term":[{"taxonomy":"category","embeddable":true,"href":"https:\/\/www.frankfurter-malerei.de\/index.php?rest_route=%2Fwp%2Fv2%2Fcategories&post=1372"},{"taxonomy":"post_tag","embeddable":true,"href":"https:\/\/www.frankfurter-malerei.de\/index.php?rest_route=%2Fwp%2Fv2%2Ftags&post=1372"}],"curies":[{"name":"wp","href":"https:\/\/api.w.org\/{rel}","templated":true}]}}