{"id":1397,"date":"2022-12-02T16:58:21","date_gmt":"2022-12-02T15:58:21","guid":{"rendered":"http:\/\/www.frankfurter-malerei.de\/?p=1397"},"modified":"2022-12-02T16:58:21","modified_gmt":"2022-12-02T15:58:21","slug":"rundschreiben-4-2022","status":"publish","type":"post","link":"https:\/\/www.frankfurter-malerei.de\/?p=1397","title":{"rendered":"Rundschreiben 4\/2022"},"content":{"rendered":"<p>Sehr geehrte Damen und Herren,<br \/>\nliebe Kunstfreunde,<\/p>\n<p>nach einem wundersch\u00f6nen Sommer und einem warmen Oktober  setzen wir in den Monaten November und Dezember unsere Veranstaltungen fort, in der Hoffnung, Sie<br \/>\ngesund und wohlauf vorzufinden.<\/p>\n<p>Gerne erinnern wir uns  an das Sommerfest am 30.Juli 2022 bei Herrn Wolfgang Stritt,<br \/>\neine einmalige Gelegenheit, seine Sammlung zu besichtigen. Es war ein gem\u00fctliches<br \/>\nZusammensein, und wir danken der Familie Stritt f\u00fcr ihre gro\u00dfz\u00fcgige Gastfreundlichkeit.<\/p>\n<p>Nach zwei Jahren Zwangspause waren wir wieder vom 26.bis 28..August 2022 auf dem  Museumsuferfest pr\u00e4sent. Das Interesse an der Gesellschaft war sehr gro\u00df, wir werden im n\u00e4chsten Jahr wieder daran teilnehmen.<br \/>\nF\u00fcr die Verleihung der Zelte bedanken wir uns recht herzlich bei Frau Irene Viebig und Frau Ulrike Hock. F\u00fcr den Auf-und Abbau bedanken wir uns bei Herrn Vulpes und seinen Freunden f\u00fcr die tatkr\u00e4ftige Unterst\u00fctzung. Einen herzlichen Dank an alle Mitglieder, die<br \/>\nsich in den drei Tagen an der Beaufsichtigung der Zelte beteiligt haben.<\/p>\n<p>Anlass unserer  Exkursion nach Amsterdam vom  22. bis 25. Sepember 2022 waren die Ausstellungen \u201eMaking Van Gogh im Jahre 2019-2020 und \u201eNennt mich Rembrandt\u201c im Jahre 2021-2022 im St\u00e4del in Frankfurt.<br \/>\nDort haben wir das Rijksmuseum mit seiner gro\u00dfen Sammlung der Malerei aus dem \u201eGoldenen Zeitalter\u201c der Niederlande mit Werken von Jan Vermeer, Frans Hals und Rembrandt mit seinem ber\u00fchmten Gem\u00e4lde  \u201eDie Nachtwache\u201c  besucht.  Auch sein Haus, das heute als Museum umgebaut wurde mit seinem erhaltenen Atelier, konnten wir besichtigen.<br \/>\nIm  Van Gogh Museum konnten wir eine Sammlung mit mehr als 200 Werken und 500 Zeichnungen und Briefen des K\u00fcnstlers bewundern. Van Goghs Arbeiten waren chronologisch in f\u00fcnf Perioden gegliedert, die jeweils einen unterschiedlichen Zeitraum seines Lebens und seiner Arbeit darstellten: Niederlande, Paris, Arles, Saint-R\u00e9my und Auvers-sur-Oise. Das Van Gogh Museum z\u00e4hlt j\u00e4hrlich 1,6 Millionen Besucher und ist damit eines der beliebtesten Museen der Welt.<br \/>\nDie Zugfahrt nach Amsterdam und zur\u00fcck war sehr angenehm und verlief ohne Kom- plikationen. Das Hotel war sehr komfortabel, leider etwas vom Zentrum entfernt. Gleich nach    unserer Ankunft haben wir bei K\u00e4se und Wein die sch\u00f6ne Stadt Amsterdam mit einer<br \/>\nGrachtenfahrt entdeckt. Unser gemeinsames Abendessen am ersten Abend fand in dem renommierten \u201eHumphreys Restaurant\u201c im Zentrum  Amsterdams  statt.<br \/>\nUnser viert\u00e4tiges Programm war sehr intensiv und wir hoffen, alle Erwartungen erf\u00fcllt zu haben.<br \/>\nWie schon bei der Museumsgruppe angek\u00fcndigt, werden wir im Monat November und Dezember folgende  Ausstellungen besuchen:<\/p>\n<p>Am Mittwoch, dem 16. November, um 15.30 Uhr werden wir die Chagall Ausstellung in der Schirn  mit einer F\u00fchrung besuchen.<\/p>\n<p>Am Samstag, dem 19. November, um 15.00 Uhr werden wir<br \/>\ndie Chagall Fenster der St. Stephan Kirche \u2013 Kleine Wei\u00dfgasse 12 &#8211; 5516 Mainz -, besichtigen.<\/p>\n<p>Am  Mittwoch, dem 7. Dezember,  treffen wir uns um 15.00 Uhr im St\u00e4del zur Ausstellung \u201eGuido Reni. Der G\u00f6ttliche\u201c.<\/p>\n<p>Wie schon in vergangenen Jahr  l\u00e4dt unser Schatzmeister, Herr Hellmut Reifschneider, am Sonntag (1.Advent), dem  27. November um 18.30 Uhr,  alle Mitglieder der Gesellschaft in seine historischen R\u00e4umlichkeiten zu einer Weihnachtsfeier ein.<br \/>\nInteressenten werden gebeten, sich per E-Mail: daria.heller@gmx.de oder per Telefon:<br \/>\n06102-26223 bei Frau Bottero-Heller zu melden.<\/p>\n<p>Gerne ver\u00f6ffentlichen wir wieder die Auktionstermine der Auktionsh\u00e4user Arnold<br \/>\nund D\u00f6britz f\u00fcr die Monate November und Dezember 2022:<\/p>\n<p>Auktionshaus Arnold: (Tel:069-282779), Bleichstr. 40-42, 60313 Frankfurt \/ Main.<br \/>\nKunst-Auktion Sa, 19. November 2022, Beginn 10 Uhr<br \/>\nModerne-Auktion Sa, 26. November 2022, Beginn 10 Uhr<br \/>\nSchmuck-Auktion Sa, 10. Dezember 2022, Beginn 10 Uhr<\/p>\n<p>Auktionshaus D\u00f6britz: (Tel: 069-287733) Braubachstr.10 &#8211; 60311 Frankfurt \/ Main.<br \/>\nKeine Auktion bis Jahresende.<\/p>\n<p>Wir w\u00fcnschen Ihnen und Ihrer Familie schon jetzt ein gesegnetes Weihnachtsfest, erholsame Tage und f\u00fcr das Neue Jahr 2023 Gesundheit und Wohlergehen.<\/p>\n<p>Daria Bottero-Heller\t\t\t\tWilli M\u00fcller<\/p>\n","protected":false},"excerpt":{"rendered":"<p>Sehr geehrte Damen und Herren, liebe Kunstfreunde, nach einem wundersch\u00f6nen Sommer und einem warmen Oktober setzen wir in den Monaten November und Dezember unsere Veranstaltungen fort, in der Hoffnung, Sie gesund und wohlauf vorzufinden. Gerne erinnern wir uns an das &hellip; <a href=\"https:\/\/www.frankfurter-malerei.de\/?p=1397\">Weiterlesen <span class=\"meta-nav\">&rarr;<\/span><\/a><\/p>\n","protected":false},"author":2,"featured_media":0,"comment_status":"closed","ping_status":"open","sticky":false,"template":"","format":"standard","meta":{"rank_math_lock_modified_date":false,"footnotes":""},"categories":[24],"tags":[],"class_list":["post-1397","post","type-post","status-publish","format-standard","hentry","category-rundschreiben-3-2018"],"_links":{"self":[{"href":"https:\/\/www.frankfurter-malerei.de\/index.php?rest_route=\/wp\/v2\/posts\/1397","targetHints":{"allow":["GET"]}}],"collection":[{"href":"https:\/\/www.frankfurter-malerei.de\/index.php?rest_route=\/wp\/v2\/posts"}],"about":[{"href":"https:\/\/www.frankfurter-malerei.de\/index.php?rest_route=\/wp\/v2\/types\/post"}],"author":[{"embeddable":true,"href":"https:\/\/www.frankfurter-malerei.de\/index.php?rest_route=\/wp\/v2\/users\/2"}],"replies":[{"embeddable":true,"href":"https:\/\/www.frankfurter-malerei.de\/index.php?rest_route=%2Fwp%2Fv2%2Fcomments&post=1397"}],"version-history":[{"count":1,"href":"https:\/\/www.frankfurter-malerei.de\/index.php?rest_route=\/wp\/v2\/posts\/1397\/revisions"}],"predecessor-version":[{"id":1398,"href":"https:\/\/www.frankfurter-malerei.de\/index.php?rest_route=\/wp\/v2\/posts\/1397\/revisions\/1398"}],"wp:attachment":[{"href":"https:\/\/www.frankfurter-malerei.de\/index.php?rest_route=%2Fwp%2Fv2%2Fmedia&parent=1397"}],"wp:term":[{"taxonomy":"category","embeddable":true,"href":"https:\/\/www.frankfurter-malerei.de\/index.php?rest_route=%2Fwp%2Fv2%2Fcategories&post=1397"},{"taxonomy":"post_tag","embeddable":true,"href":"https:\/\/www.frankfurter-malerei.de\/index.php?rest_route=%2Fwp%2Fv2%2Ftags&post=1397"}],"curies":[{"name":"wp","href":"https:\/\/api.w.org\/{rel}","templated":true}]}}