{"id":1402,"date":"2023-01-29T11:23:49","date_gmt":"2023-01-29T10:23:49","guid":{"rendered":"http:\/\/www.frankfurter-malerei.de\/?p=1402"},"modified":"2023-01-29T11:23:49","modified_gmt":"2023-01-29T10:23:49","slug":"rundschreiben-1-2023","status":"publish","type":"post","link":"https:\/\/www.frankfurter-malerei.de\/?p=1402","title":{"rendered":"Rundschreiben 1\/2023"},"content":{"rendered":"<p>Sehr geehrte Damen und Herren,<br \/>\nliebe Kunstfreunde,<\/p>\n<p>wir hoffen, dass Sie das neue Jahr 2023 gut angefangen haben, und wir w\u00fcnschen Ihnen alles Gl\u00fcck, Wohlergehen und dass Sie und Ihre Familie gesund bleiben.<\/p>\n<p>Die Ausstellung \u00fcber die\u201c Alte B\u00f6rse neben der Paulkirche\u201c unter der Schirmherrschaft von Frau Dr. Nargess Eskandari-Gr\u00fcnberg, B\u00fcrgermeisterin der Stadt Frankfurt am Main, ist nach zwei Jahren Wartezeit erst k\u00fcrzlich von der Stadt bewilligt worden, gerade noch unmittelbar vor den bevorstehenden Feierlichkeiten zum 175-j\u00e4grigen Jubil\u00e4um des ersten Paulskirchenparlaments im Mai 2023. Diese langersehnte und gut vorbereitete Ausstellung wird nun am  2. Februar 2023, um 18:00 Uhr,  im Untergeschoss der Paulskirche er\u00f6ffnet. Die Einladung wird an alle Mitglieder versandt.<\/p>\n<p>In dieser Ausstellung m\u00f6chten wir die Existenz eines so bedeutenden Geb\u00e4udes wie der damaligen Alte B\u00f6rse ins Ged\u00e4chtnis der \u00d6ffentlichkeit rufen und unter dem  Aspekt der Geschichte, der Architektur und der zeitgen\u00f6ssischen Kunst pr\u00e4sentieren. Die Alte B\u00f6rse wurde 1944 bombardiert, stand danach bis 1952 als Ruine und obwohl unter Denkmalschutz, wurde diese in demselben Jahr dann abgetragen. Wir freuen uns sehr an diesem Abend auch Frau Dr. Deppert-Lippitz, die ehemalige Vorsitzende der Freunde Frankfurts,  begr\u00fc\u00dfen zu d\u00fcrfen. Sie wird  uns \u00fcber die Paulskirche berichten.<\/p>\n<p>Unser Dank geht auch an Frau Prof. Anne Christin Scheiblauer, die in Ihrer Studie die Kenntnis \u00fcber das B\u00f6rsengeb\u00e4ude vertieft und in ihrem Buch \u201ePaulskirche und die Alte B\u00f6rse in Frankfurt am Main, Erinnerungsorte der deutschen Demokratie,\u201c erschienen 2022 im Michael Imhof Verlag, ver\u00f6ffentlicht. Weiterhin zeigt sie in der Ausstellung nicht nur die Geschichte, sondern auch, da\u00df die Struktur der Alten B\u00f6rse durchaus f\u00fcr die Nutzung als Demokratiezentrum und als Ort f\u00fcr verschiedene Veranstaltungen und Ausstellungen geeignet ist. Die Verwirklichung solch eines Projektes w\u00e4re nicht nur f\u00fcr uns sehr wichtig, sondern auch f\u00fcr andere Kunstvereine in Frankfurt, die, wie wir, mit  Ausnahme des Untergeschosses der Paulskirche, keine M\u00f6glichkeit haben, Ausstellungen und Vortr\u00e4ge zu pr\u00e4sentieren.<\/p>\n<p>Wir konnten leider kein altes Gem\u00e4lde der Alten B\u00f6rse finden, und so wurde der k\u00fcnstlerische Teil von unseren K\u00fcnstlerinnen und K\u00fcnstlern mit gro\u00dfer Bravour und Engagement \u00fcbernommen, daf\u00fcr sind wir sehr dankbar.<\/p>\n<p>Dieses kulturell bedeutende Projekt in der Paulskirche ist mit hohen Kosten verbunden.<br \/>\nAus diesem Grund suchen wir nach m\u00f6glicher finanzieller Unterst\u00fctzung auch von Ihnen,<br \/>\nliebe Mitglieder. Unsere Bankverbindung lautet IBAN :  DE14 5001 0060 01651 33602.<\/p>\n<p>Trotz aller vorsichtigen Prognosen mit Corona konnten  wir bis zum Jahresende 2022 alle unsere geplanten Aktivit\u00e4ten mit Erfolg durchf\u00fchren.<\/p>\n<p>Exkursionen:<\/p>\n<p>&#8211;       Mai\t\t\t Exkursion nach Dachau<br \/>\n&#8211;       Juli\t\t\t         Sommerfest<br \/>\n&#8211;\tSeptember\t \t Exkursion nach Amsterdam<br \/>\n&#8211;\tDezember\t\t Weihnachtsfeier bei Herrn Reifschneider<\/p>\n<p>Museumsbesuche:<\/p>\n<p>&#8211;\tFebruar\t\tLandesmuseum Wiesbaden.<br \/>\nAlles! 100 Jahre Jawlensky in Wiesbaden<br \/>\n&#8211;     M\u00e4rz\t\t\tRENOIR ROCOCO REVIVAL<br \/>\nDer Impressionismus und die franz\u00f6sische Kunst<br \/>\n&#8211;\tJuli\t\t\tSt\u00e4del Frankfurt<br \/>\nFrei schaffend Ottilie W. Roederstein (1859\u20131937)<br \/>\n&#8211;\tNovember\t\tSchirn, Kunsthalle Frankfurt am Main<br \/>\nChagall. Welt in Aufruhr.<br \/>\n&#8211;\tNovember\t\tPfarrei St. Stephan<br \/>\nChagall Fenster in Mainz<br \/>\n&#8211;\tDezember\t\tSt\u00e4del Frankfurt am Main<br \/>\nGuido Reni<\/p>\n<p>Gerne ver\u00f6ffentlichen wir wieder die Auktionstermine der Auktionsh\u00e4user Arnold<br \/>\nund D\u00f6britz f\u00fcr die Monate M\u00e4rz und April 2023<\/p>\n<p>Auktionshaus Arnold: (Tel:069-282779), Bleichstr. 40-42, 60313 Frankfurt \/ Main.<br \/>\nKeine Auktion f\u00fcr 2023 bis jetzt bekannt gegeben.<br \/>\nAuktionshaus D\u00f6britz: (Tel: 069-287733) Braubachstr.10 &#8211; 60311 Frankfurt \/ Main.<br \/>\n208. Kunstauktion MODERNE und Alte Kunst, Samstag, 18. M\u00e4rz 2023 ab 10 Uhr.<br \/>\nAb Februar setzen wir unsere Museumsbesuche fort, wir fangen an mit der Ausstellung<br \/>\nvon Carl Theodor Reifenstein im historischen Museum in Frankfurt.<br \/>\nEinladungen werden versandt.<\/p>\n<p>Unsere Mitgliederversammlung findet am Mittwoch, dem 15. M\u00e4rz 2023 statt.<\/p>\n<p>Die geplante mehrt\u00e4gige Exkursion f\u00fchrt uns in diesem Jahr im September nach<br \/>\nD\u00fcsseldorf. Auf den Spuren der Malakademie im 19. Jahrhundert.<br \/>\nN\u00e4heres wird in unserem n\u00e4chsten Rundschreiben bekannt gegeben.<br \/>\nWir w\u00fcnschen allen Mitgliedern alles Gute, w\u00e4rmere Tage, Gesundheit, und wir freuen<br \/>\nuns auf ein baldiges Wiedersehen.<\/p>\n<p>Daria Bottero-Heller\t\t\t\t\tWilli M\u00fcller<\/p>\n","protected":false},"excerpt":{"rendered":"<p>Sehr geehrte Damen und Herren, liebe Kunstfreunde, wir hoffen, dass Sie das neue Jahr 2023 gut angefangen haben, und wir w\u00fcnschen Ihnen alles Gl\u00fcck, Wohlergehen und dass Sie und Ihre Familie gesund bleiben. Die Ausstellung \u00fcber die\u201c Alte B\u00f6rse neben &hellip; <a href=\"https:\/\/www.frankfurter-malerei.de\/?p=1402\">Weiterlesen <span class=\"meta-nav\">&rarr;<\/span><\/a><\/p>\n","protected":false},"author":2,"featured_media":0,"comment_status":"closed","ping_status":"open","sticky":false,"template":"","format":"standard","meta":{"rank_math_lock_modified_date":false,"footnotes":""},"categories":[24],"tags":[],"class_list":["post-1402","post","type-post","status-publish","format-standard","hentry","category-rundschreiben-3-2018"],"_links":{"self":[{"href":"https:\/\/www.frankfurter-malerei.de\/index.php?rest_route=\/wp\/v2\/posts\/1402","targetHints":{"allow":["GET"]}}],"collection":[{"href":"https:\/\/www.frankfurter-malerei.de\/index.php?rest_route=\/wp\/v2\/posts"}],"about":[{"href":"https:\/\/www.frankfurter-malerei.de\/index.php?rest_route=\/wp\/v2\/types\/post"}],"author":[{"embeddable":true,"href":"https:\/\/www.frankfurter-malerei.de\/index.php?rest_route=\/wp\/v2\/users\/2"}],"replies":[{"embeddable":true,"href":"https:\/\/www.frankfurter-malerei.de\/index.php?rest_route=%2Fwp%2Fv2%2Fcomments&post=1402"}],"version-history":[{"count":2,"href":"https:\/\/www.frankfurter-malerei.de\/index.php?rest_route=\/wp\/v2\/posts\/1402\/revisions"}],"predecessor-version":[{"id":1404,"href":"https:\/\/www.frankfurter-malerei.de\/index.php?rest_route=\/wp\/v2\/posts\/1402\/revisions\/1404"}],"wp:attachment":[{"href":"https:\/\/www.frankfurter-malerei.de\/index.php?rest_route=%2Fwp%2Fv2%2Fmedia&parent=1402"}],"wp:term":[{"taxonomy":"category","embeddable":true,"href":"https:\/\/www.frankfurter-malerei.de\/index.php?rest_route=%2Fwp%2Fv2%2Fcategories&post=1402"},{"taxonomy":"post_tag","embeddable":true,"href":"https:\/\/www.frankfurter-malerei.de\/index.php?rest_route=%2Fwp%2Fv2%2Ftags&post=1402"}],"curies":[{"name":"wp","href":"https:\/\/api.w.org\/{rel}","templated":true}]}}