{"id":1424,"date":"2023-04-17T16:52:42","date_gmt":"2023-04-17T15:52:42","guid":{"rendered":"http:\/\/www.frankfurter-malerei.de\/?p=1424"},"modified":"2023-04-17T16:52:42","modified_gmt":"2023-04-17T15:52:42","slug":"rundschreiben-2-2023","status":"publish","type":"post","link":"https:\/\/www.frankfurter-malerei.de\/?p=1424","title":{"rendered":"Rundschreiben 2\/2023"},"content":{"rendered":"<p>Sehr geehrte Damen und Herren,<br \/>\nliebe Kunstfreunde,<\/p>\n<p>unsere Ausstellung \u00fcber die\u201c Alte B\u00f6rse neben der Paulskirche\u201c vom 02. bis 14. Februar 2023 war ein gro\u00dfer Erfolg mit mehr als 1500 Besuchern. Unser Ziel wurde erreicht. So haben wir kurz  vor den bevorstehenden Feierlichkeiten zum 175-j\u00e4hrigen Jubil\u00e4um des ersten Paulskirchenparlaments, die im Mai 2023 beginnen werden,  die Existenz dieses so bedeutenden Geb\u00e4udes unter dem Aspekt der Geschichte, der Architektur und unter Einbeziehung zeitgen\u00f6ssischer Kunst, ins Ged\u00e4chtnis der \u00d6ffentlichkeit gerufen.<br \/>\nFrau Prof. Anne Christin Scheiblauer, unser Mitglied, hat in ihrer Studie die Kenntnis \u00fcber das B\u00f6rsengeb\u00e4ude vertieft und in ihrem Buch \u201ePaulskirche und die Alte B\u00f6rse in Frankfurt am Main, Erinnerungsorte der deutschen Demokratie,\u201c erschienen 2022 im Michael Imhof Verlag, ver\u00f6ffentlicht. Sie weist darin nach, dass die Struktur der Alten B\u00f6rse durchaus f\u00fcr die Nutzung als Demokratiezentrum und als Ort f\u00fcr verschiedene Veranstaltungen und Ausstellungen geeignet ist. Wir bedanken uns f\u00fcr ihre Forschungsarbeit und hoffen, dass ihre Vorschl\u00e4ge in naher Zukunft umgesetzt werden k\u00f6nnen.<br \/>\nF\u00fcr die gro\u00dfz\u00fcgige Unterst\u00fctzung bedanken wir uns auch bei Frau Dr. Nargess Eskandari-Gr\u00fcnberg, B\u00fcrgermeisterin der Stadt Frankfurt am Main, die uns erm\u00f6glicht hat, diese Ausstellung in der Paulskirche zu pr\u00e4sentieren, die Schirmherrschaft \u00fcbernommen und die Ausstellung er\u00f6ffnet hat.<br \/>\nAn der k\u00fcnstlerischen Gestaltung haben sich folgende K\u00fcnstlerinnen und ein K\u00fcnstler der Gesellschaft beteiligt: Frau Monika Br\u00e4tz, Frau Brigitte Gehl, Frau Margarete Hagemann, Frau Ulrike Hock (Lucas), Frau Martina Faupel. Herr Peter Eleven, Frau Ute Peukert, Frau Doris Schmidt-Haub, Frau Dr. Linda Starbatty, Frau Yuta Strega und als Gast Frau Kerstin Krone Bayer.<\/p>\n<p>Ein gro\u00dfes Lob geht an alle K\u00fcnstlerinnen und K\u00fcnstler f\u00fcr ihre hervorragenden Arbeiten.<br \/>\nAlle haben sich gr\u00f6\u00dfte M\u00fche gemacht und sorgten f\u00fcr das gute Gelingen der Ausstellung. Ein besonderer Dank gilt Frau Ulrike Hock (Lukas) f\u00fcr die gro\u00dfe Unterst\u00fctzung bei der<br \/>\nVorbereitung der Ausstellung und Familie Br\u00e4tz f\u00fcr die professionelle Hilfe bei der Aufh\u00e4ngung der Bilder.<\/p>\n<p>Unsere Mitgliederversammlung hat am 22. M\u00e4rz 2023 im Cronstetten-Haus stattgefunden, der Vorstand wurde einstimmig entlastet.<\/p>\n<p>Das Programm f\u00fcr das Jahr 2023 wurde wie folgt verabschiedet:<\/p>\n<p>Nach den k\u00fcnstlerischen Entdeckungsreisen nach Dachau, Murnau, Willingshausen, Worpswede m\u00f6chten wir uns auch in diesem Jahr auf Entdeckungsfahrt nach Ahrensoop, eine weitere K\u00fcnstlerkolonie, begeben.<\/p>\n<p>Anfang der 1880er Jahre entdeckten die mecklenburgischen Maler Carl Malchin und Anna Gerresheim das Fischerdorf Ahrenshoop. Sp\u00e4ter zog der einst so abgeschiedene und arme Ort an der Ostsee K\u00fcnstler wie Paul M\u00fcller-Kaempff (1861-1894), Gr\u00fcnder der K\u00fcnstlerkolonie an. 1895 er\u00f6ffnete sogar eine Kunstschule, die heute noch existiert. Auch Erich Heckel, Alexej von Jawlensky, Marianne von Werefkin und viele andere K\u00fcnstler konnten unber\u00fchrt von Weltkriegen dort Inspiration finden. Das im 2013 er\u00f6ffnete Kunstmuseum bietet mehr als 800 Werke von K\u00fcnstlern des 19. und 20. Jahrhunderts.<br \/>\nDie Exkursion ist von Donnerstag, 13 Juli bis Samstag, 15. Juli geplant. Wir bitten alle Interessenten sich bis zum 20. April 2023 bei Frau Bottero-Heller zu melden: 06102-26223 oder E-Mail: daria.heller@gmx.de.<\/p>\n<p>In diesem Jahr wird das Sommerfest in Bonames bei unserem lieben Mitglied, Herrn Peter Vulpes und Herrn Walter Sohrmann, verbunden mit einem Besuch des Heimat-Museums, stattfinden. Der Termin ist am Samstag, dem 29. Juli 2023, vorgesehen. Anmeldungen bei Frau Bottero-Heller.<\/p>\n<p>In Zusammenarbeit mit dem Cronstetten-Haus wird im August Frau Prof..Anne Bohnenkamp-Renken einen Vortrag \u00fcber das Romantik-Museum halten. Das genaue Datum wird noch mitgeteilt.<\/p>\n<p>Ende August werden wir wieder an dem Museumuferfest mit zwei Zelten teilnehmen. F\u00fcr die Gestaltung des zweiten Zeltes ist eine Absprache mit allen K\u00fcnstlern vorgesehen.<\/p>\n<p>Unsere Exkursion nach D\u00fcsseldorf auf den Spuren der Dusseldorfer Malerschule, die viele namhafte K\u00fcnstler wie beispielweise Anton Burgern (1824 1905) und Jakob F\u00fcrchtegott Dielmann (1809-1885) besucht haben, ist f\u00fcr Freitag, dem 22. September bis Sonntag, dem 24. September 2023 geplant. Bitte melden Sie sich bis 15. Mai 2023 bei Frau Bottero-Heller an.<\/p>\n<p>Die Einladungen zu den Museumsbesuchen werden wie immer von unserem Museumsleiter, Herrn Helmut Reifschneider, versandt.<\/p>\n<p>Gerne ver\u00f6ffentlichen wir wieder die Auktionstermine der Auktionsh\u00e4user Arnold und D\u00f6britz f\u00fcr die Monate April bis Mai 2023.<\/p>\n<p>Auktionshaus Arnold: (Tel:069-282779), Bleichstr. 40-42, 60313 Frankfurt am Main.<br \/>\nKunstauktion, Samstag, 10. Juni 2023, ab 10:00 Uhr.<\/p>\n<p>Auktionshaus D\u00f6britz: (Tel: 069-287733) Braubachstr.10 &#8211; 60311 Frankfurt am Main.<br \/>\n209. Kunstauktion MODERNE und Alte Kunst, Samstag, 17. Juni 2023, ab 10 Uhr.<\/p>\n<p>Wir w\u00fcnschen allen Mitgliedern ein frohes Osterfest, Gesundheit und sonnige Tage.<\/p>\n<p>Daria Bottero-Heller\t\t\t\t\tWilli M\u00fcller<\/p>\n","protected":false},"excerpt":{"rendered":"<p>Sehr geehrte Damen und Herren, liebe Kunstfreunde, unsere Ausstellung \u00fcber die\u201c Alte B\u00f6rse neben der Paulskirche\u201c vom 02. bis 14. Februar 2023 war ein gro\u00dfer Erfolg mit mehr als 1500 Besuchern. Unser Ziel wurde erreicht. So haben wir kurz vor &hellip; <a href=\"https:\/\/www.frankfurter-malerei.de\/?p=1424\">Weiterlesen <span class=\"meta-nav\">&rarr;<\/span><\/a><\/p>\n","protected":false},"author":2,"featured_media":0,"comment_status":"closed","ping_status":"open","sticky":false,"template":"","format":"standard","meta":{"rank_math_lock_modified_date":false,"footnotes":""},"categories":[24],"tags":[],"class_list":["post-1424","post","type-post","status-publish","format-standard","hentry","category-rundschreiben-3-2018"],"_links":{"self":[{"href":"https:\/\/www.frankfurter-malerei.de\/index.php?rest_route=\/wp\/v2\/posts\/1424","targetHints":{"allow":["GET"]}}],"collection":[{"href":"https:\/\/www.frankfurter-malerei.de\/index.php?rest_route=\/wp\/v2\/posts"}],"about":[{"href":"https:\/\/www.frankfurter-malerei.de\/index.php?rest_route=\/wp\/v2\/types\/post"}],"author":[{"embeddable":true,"href":"https:\/\/www.frankfurter-malerei.de\/index.php?rest_route=\/wp\/v2\/users\/2"}],"replies":[{"embeddable":true,"href":"https:\/\/www.frankfurter-malerei.de\/index.php?rest_route=%2Fwp%2Fv2%2Fcomments&post=1424"}],"version-history":[{"count":2,"href":"https:\/\/www.frankfurter-malerei.de\/index.php?rest_route=\/wp\/v2\/posts\/1424\/revisions"}],"predecessor-version":[{"id":1426,"href":"https:\/\/www.frankfurter-malerei.de\/index.php?rest_route=\/wp\/v2\/posts\/1424\/revisions\/1426"}],"wp:attachment":[{"href":"https:\/\/www.frankfurter-malerei.de\/index.php?rest_route=%2Fwp%2Fv2%2Fmedia&parent=1424"}],"wp:term":[{"taxonomy":"category","embeddable":true,"href":"https:\/\/www.frankfurter-malerei.de\/index.php?rest_route=%2Fwp%2Fv2%2Fcategories&post=1424"},{"taxonomy":"post_tag","embeddable":true,"href":"https:\/\/www.frankfurter-malerei.de\/index.php?rest_route=%2Fwp%2Fv2%2Ftags&post=1424"}],"curies":[{"name":"wp","href":"https:\/\/api.w.org\/{rel}","templated":true}]}}