{"id":1493,"date":"2024-02-20T18:29:44","date_gmt":"2024-02-20T17:29:44","guid":{"rendered":"http:\/\/www.frankfurter-malerei.de\/?p=1493"},"modified":"2024-02-20T18:29:44","modified_gmt":"2024-02-20T17:29:44","slug":"rundschreiben-1-2024","status":"publish","type":"post","link":"https:\/\/www.frankfurter-malerei.de\/?p=1493","title":{"rendered":"Rundschreiben 1.2024"},"content":{"rendered":"<p>Sehr geehrte Damen und Herren,<br \/>\nliebe Kunstfreunde,<\/p>\n<p>Leider konnten wir das letzte Rundschreiben  am Ende des Jahres 2023  aus Krankheitsgr\u00fcnden nicht versenden. Wir hoffen,  Sie haben das neue Jahr gut angefangen und sch\u00f6ne Feiertage verbracht.<\/p>\n<p>Wir m\u00f6chten Sie noch an den Tod von Frau Dr. Phil. Dr.h.c. Barbara Deppert-Lippitz, unserem Mitglied, erinnern, die in Frankfurt im Alter von 83 Jahren nach langer Krankheit verstorben ist. Sie war nicht nur seit langen Jahren die 1. Vorsitzende der Freunde Frankfurts, sondern hat sich auch um die Kultur der Stadt Frankfurt, insbesondere den Erhalt bekannter Denkm\u00e4ler, verdient gemacht. Au\u00dferdem war sie auch eine international anerkannte klassische Arch\u00e4ologin, die gegen Raubgr\u00e4berei gek\u00e4mpft und daf\u00fcr hohe Auszeichnungen erhalten hat. Sie war an unserer Gesellschaft sehr interessiert und hat auf eine Zusammenarbeit hingearbeitet. Nicht nur unsere Gesellschaft, sondern auch Frankfurt hat eine grosse Pers\u00f6nlichkeit verloren. Unser aufrichtiges Beileid gilt Ihrer Familie und dem Vorstand der Freunde Frankfurts.<\/p>\n<p>Auch der pl\u00f6tzliche Tod unseres lieben Mitglieds Herrn Tarcisio Povigna hat uns tief betroffen. Er war nicht nur ein t\u00fcchtiger Gesch\u00e4ftsmann, der immer uns unterst\u00fctzt hat, sondern auch ein Kunstkenner, der uns  immer mit Rat und Tat zu Seite gestanden hat.<br \/>\nSeine Ehrlichkeit und seine Aufrichtigkeit haben ihm den Respekt und die Bewunderung aller eingebracht. Er wird immer in unseren Herzen bleiben. Wir m\u00f6chten  Frau Ingrid Povigna<br \/>\nunser tiefstes Mitgef\u00fchl aussprechen und Ihr viel Kraft w\u00fcnschen.<\/p>\n<p>Nun ein kurzer R\u00fcckblick auf die wichtigsten Aktivit\u00e4ten im vergangenen Jahr:<br \/>\nIm Februar 2023 konnten wir unsere seit langer geplanten Ausstellung \u00fcber die \u201eAlte B\u00f6rse am Paulsplatz\u201c in der Paulskirche unter der Schirmherrschaft der B\u00fcrgermeisterin Dr. Nargess Eskandari-Gr\u00fcnberg pr\u00e4sentieren. Dar\u00fcber hinaus haben wir regelm\u00e4ssig in Museen wundersch\u00f6ne Ausstellungen besucht, wie weiter unten ausgef\u00fchrt ist.<br \/>\nUnsere Exkursion im Sommer hat uns nach Ahrenshoop gef\u00fchrt, die Malerkolonie, die am Anfang der 1880er Jahre von Paul M\u00fcller-Kampf (1861-1941) gegr\u00fcndet worden ist. In dem neu gegr\u00fcndeten Kunstmuseum konnten wir die zahlreichen Gem\u00e4lde der K\u00fcnstlerinnen und K\u00fcnstler, die sich dort niedergelassen haben, bewundern.<\/p>\n<p>Aus Anlass unseres Sommerfests haben wir in Bonames den Heimat und Geschichtsverein auf den Spuren dieses interessanten Frankfurter Stadtteils mit seiner spannenden Geschichte besucht.<\/p>\n<p>Im August konnten wir, nach einer langen Pause wegen Corona, in Zusammenarbeit mit dem<br \/>\nCronstetten-Haus einen Vortrag mit Frau Prof. Dr. Anne Bohnenkamp-Renken \u00fcber das neue \u201eDeutsche Romantik Museum\u201c organisieren und durchf\u00fchren.<\/p>\n<p>Auf dem Museumsuferfest vom 25. bis 27. August 2023 waren wir mit 2 Zelten pr\u00e4sent. Das zweite Zelt war f\u00fcr die K\u00fcnstler der Gesellschaft reserviert.<\/p>\n<p>Hier zur Erinnerung die oben angegebene Liste der Museumsbesuche im Jahr 2023:<\/p>\n<p>&#8211;\tM\u00e4rz\t\tHistorisches Museum Frankfurt<br \/>\nAlles verschwindet Carl Theodor Reiffenstein (1820 \u2013 1893)<br \/>\nde Saint Phalle<br \/>\n&#8211;\tApril\t\tMuseum Kronberger Malerkolonie<br \/>\nZauberhaftes Capri<br \/>\n&#8211;\tMai\t\tSt\u00e4del Museum<br \/>\nItalien vor Augen: Fr\u00fche Fotografien ewiger Sehnsuchtsorte.<br \/>\n&#8211;\tNovember\tDeutsches Romantik Museum<\/p>\n<p>&#8211;\tNovember\tSchirn Kunsthalle Frankfurt  &#8211;  Lyonel Feininger<br \/>\n&#8211;\tDezember\tMuseum Kronberg Malerkolonie<br \/>\n150. Geburtstag von Fritz Wucherer<\/p>\n<p>Unsere Weihnachtsfeier am 2. Dezember 2023 bei unserem Schatzmeister Herrn Helmut Reifschneider im Westend war wie jedes Jahr wieder ein unvergessenes Erlebnis. In seinen privaten historischen R\u00e4umlichkeiten im Frankfurter Westend mit interessanten Gespr\u00e4chen am Kaminfeuer und mit erlesenen Zutaten am Buffet war die perfekte Atmosph\u00e4re f\u00fcr ein Weihnachtsfest geschaffen. Um diesem Abend<br \/>\neine besondere Note zu geben, hat Herr Reifschneider noch dazu die bekannte S\u00e4ngerin und Interpretin am Fl\u00fcgel, Meike Garden, eingeladen, die bei uns bei der Ausstellung in der Paulskirche schon zu Gast war. Und wir alle m\u00f6chten Herrn Reifschneider einen gro\u00dfen Dank aussprechen.<\/p>\n<p>Im Februar 2024 haben wir im St\u00e4del die Ausstellung \u201eHolbein und die Renaissance im Norden\u201c besucht.<br \/>\nAm Dienstag, dem 12. M\u00e4rz, bis Mittwoch, dem 13. M\u00e4rz, bieten wir bei gen\u00fcgender Teilnehmerzahl einen Besuch der Jubil\u00e4umausstellung von Caspar David Friedrich (1744-1840) in der Hamburger Kunsthalle mit einer \u00dcbernachtung in Hamburg an.<br \/>\nBitte melden Sie sich bis Ende Februar bei Frau Bottero-Heller, 06102-26223 oder<br \/>\nper E-Mail: daria.heller@gmx.de.<\/p>\n<p>Unsere n\u00e4chste Gesamtvorstandsitzung wird nun am Montag, dem 26. Januar 2024, um 16.00 Uhr stattfinden, um das Programm f\u00fcr das Jahr 2024 zu verabschieden.  Dieses werden wir ausf\u00fchrlich in unserem n\u00e4chsten Rundschreiben mitteilen.<\/p>\n<p>Gerne ver\u00f6ffentlichen wir wieder die Auktionstermine der Auktionsh\u00e4user Arnold<br \/>\nund D\u00f6britz f\u00fcr das erste Quartal im Jahr 2024:<br \/>\nAuktionshaus Arnold (Tel:069-282779), Bleichstr. 40-42, 60313 Frankfurt am Main.<br \/>\nSchmuck, 16. M\u00e4rz 2024, 10.00 Uhr<br \/>\nAuktionshaus D\u00f6britz (Tel: 069-287733) Braubachstr.10 &#8211; 60311 Frankfurt<br \/>\nModerne und Alte Kunst, 9. M\u00e4rz 1924, 10.00 Uhr.<br \/>\nLiebe Mitglieder, wir freuen auf das neue Jahr 2024, um Sie wieder zahlreich auf unseren Veranstaltungen begr\u00fc\u00dfen zu d\u00fcrfen.<\/p>\n","protected":false},"excerpt":{"rendered":"<p>Sehr geehrte Damen und Herren, liebe Kunstfreunde, Leider konnten wir das letzte Rundschreiben am Ende des Jahres 2023 aus Krankheitsgr\u00fcnden nicht versenden. Wir hoffen, Sie haben das neue Jahr gut angefangen und sch\u00f6ne Feiertage verbracht. Wir m\u00f6chten Sie noch an &hellip; <a href=\"https:\/\/www.frankfurter-malerei.de\/?p=1493\">Weiterlesen <span class=\"meta-nav\">&rarr;<\/span><\/a><\/p>\n","protected":false},"author":2,"featured_media":0,"comment_status":"closed","ping_status":"open","sticky":false,"template":"","format":"standard","meta":{"rank_math_lock_modified_date":false,"footnotes":""},"categories":[1,24],"tags":[],"class_list":["post-1493","post","type-post","status-publish","format-standard","hentry","category-allgemein","category-rundschreiben-3-2018"],"_links":{"self":[{"href":"https:\/\/www.frankfurter-malerei.de\/index.php?rest_route=\/wp\/v2\/posts\/1493","targetHints":{"allow":["GET"]}}],"collection":[{"href":"https:\/\/www.frankfurter-malerei.de\/index.php?rest_route=\/wp\/v2\/posts"}],"about":[{"href":"https:\/\/www.frankfurter-malerei.de\/index.php?rest_route=\/wp\/v2\/types\/post"}],"author":[{"embeddable":true,"href":"https:\/\/www.frankfurter-malerei.de\/index.php?rest_route=\/wp\/v2\/users\/2"}],"replies":[{"embeddable":true,"href":"https:\/\/www.frankfurter-malerei.de\/index.php?rest_route=%2Fwp%2Fv2%2Fcomments&post=1493"}],"version-history":[{"count":4,"href":"https:\/\/www.frankfurter-malerei.de\/index.php?rest_route=\/wp\/v2\/posts\/1493\/revisions"}],"predecessor-version":[{"id":1499,"href":"https:\/\/www.frankfurter-malerei.de\/index.php?rest_route=\/wp\/v2\/posts\/1493\/revisions\/1499"}],"wp:attachment":[{"href":"https:\/\/www.frankfurter-malerei.de\/index.php?rest_route=%2Fwp%2Fv2%2Fmedia&parent=1493"}],"wp:term":[{"taxonomy":"category","embeddable":true,"href":"https:\/\/www.frankfurter-malerei.de\/index.php?rest_route=%2Fwp%2Fv2%2Fcategories&post=1493"},{"taxonomy":"post_tag","embeddable":true,"href":"https:\/\/www.frankfurter-malerei.de\/index.php?rest_route=%2Fwp%2Fv2%2Ftags&post=1493"}],"curies":[{"name":"wp","href":"https:\/\/api.w.org\/{rel}","templated":true}]}}