{"id":1606,"date":"2025-12-20T14:27:55","date_gmt":"2025-12-20T13:27:55","guid":{"rendered":"https:\/\/www.frankfurter-malerei.de\/?p=1606"},"modified":"2025-12-20T14:31:09","modified_gmt":"2025-12-20T13:31:09","slug":"rundschreiben-4-2025","status":"publish","type":"post","link":"https:\/\/www.frankfurter-malerei.de\/?p=1606","title":{"rendered":"Rundschreiben 4.2025"},"content":{"rendered":"<p>Rundschreiben 4\/2025<\/p>\n<p>Sehr geehrte Damen und Herren,<br \/>\nliebe Kunstfreunde, \t\t\t\t20. Dezember 2025<\/p>\n<p>Unser liebes Mitglied, Herr Hans-Joachim Homm, ist unerwartet von uns gegangen. Er geh\u00f6rte zu den Mitgliedern der ersten Stunde. Leider haben wir ihn nie bei unseren Veranstaltungen gesehen, jedoch hat er mit seinem Mitgliedsbeitrag uns bis vor seinem Tod immer unterst\u00fctzt und wir sind ihm sehr dankbar. Wir haben zuf\u00e4llig erfahren, dass er im April dieses Jahres im Alter von nur 71 Jahren verstorben ist. Wir bedauern seinen Tod sehr und werden ihn in liebevoller Erinnerung behalten. Unser tiefstes Mitgef\u00fchl gilt seiner Frau, seiner Familie und seinen Angeh\u00f6rigen.<\/p>\n<p>Die Weihnachtsfeier, die am 07.12.2025 bei unserem Schatzmeister Helmut Reifschneider stattfand, war ein besonderes Ereignis.  In weihnachtlicher Kulisse wurden wir mit leckeren Torten aus dem ber\u00fchmten Caf\u00e9 Laumer sowie Gl\u00fchwein und anderen Leckereien verw\u00f6hnt. Als \u00dcberraschung spielte die ber\u00fchmte Pianistin Nadja Galimow aus Kasachstan am Klavier. Es war ein sehr sch\u00f6ner Nachmittag!<br \/>\nWir m\u00f6chten an dieser Stelle noch einmal unserem gesch\u00e4tzten Schatzmeister und seiner Lebensgef\u00e4hrtin, Frau Caroline Hero, unseren allerherzlichsten Dank aussprechen. Sie haben uns in dieser Angelegenheit so sehr unterst\u00fctzt. Es war uns eine Freude, in dieser exquisiten Atmosph\u00e4re wieder zusammenzutreffen und die gemeinsamen Stunden zu genie\u00dfen. <\/p>\n<p>Wie immer am Ende des Jahres ein R\u00fcckblick auf unsere Aktivit\u00e4ten im Jahre 2025:<\/p>\n<p>\u2022\t17. M\u00e4rz 2025 Mitgliederversammlung 2023, die aus Krankheitsgr\u00fcnden<br \/>\n        verschoben wurde.<br \/>\n\u2022\t08.Mai 2025 Vortrag im Cronstetten-Haus \u00fcber<br \/>\n        \u201edie D\u00fcsseldorfer Malerakademie\u201c<br \/>\n\tvon Frau Dorothee Baer-Bogensch\u00fctz, mit Exkursion nach D\u00fcsseldorf.<br \/>\n\u2022\t02. August 2025 Sommerfest.<br \/>\n\u2022\t04. bis 07. September 2025, Exkursion nach Warschau.<br \/>\n\u2022\t02.12. Dezember 2025, Mitgliederversammlung 202<br \/>\nDie folgenden Ausstellungen wurden im Jahren 2025 besuch  <\/p>\n<p>\u2022\tAm Dienstag, dem 25. Februar 2025 um 15:00 Uhr<br \/>\n        J\u00fcdisches Museum im Angesicht des Todes<br \/>\n\u2022\tAm Mittwoch, dem 19. M\u00e4rz 2025 um 15.00 Uhr, haben wir in der             Streitkirche in Kronberg die Ausstellung &#8222;Fritz Wucherer (1873-1948<br \/>\n         Aquarelle. Pastelle, Zeichnungen, Lithographien\u201c, besucht.<br \/>\n\u2022\tAm 25. Juni 2025 \u201eMuseum Angewandte Kunst \u201eWas war das Neue Frankfurt?\u201c  zum 100. Jahrestag des Starts des gro\u00dfen Siedlungsbauprojekts der 1920er Jahre.<br \/>\n\u2022\tAm 16. Juli 2025 Museum der Stadt Eschborn, Finale 1945 Frankfurt\/Main,<br \/>\n        \u201eHanny Frankes (1890-1973) \u201eTr\u00fcmmerbilder\u201c.<br \/>\n\u2022\tAm Mittwoch, dem 29. Oktober 2025 im St\u00e4del, haben wir die Ausstellung       \u201eCarl Schuch und Frankreich\u201c besucht.<br \/>\n\u2022\tAm Mittwoch, dem 26. November 2025, besuchten wir in Kronberg die Ausstellung: \u201eDie K\u00fcnstlerkolonie Worpswede\u201c, von Otto Modersohn 1865-1943) bis Heinrich Vogeler (1872-1943).<br \/>\n\u2022\tAm Mittwoch, dem 10. Dezember 2025, haben wir die Ausstellung im St\u00e4del         \u201eDas zeichnerische Werk von Max Beckmann\u201c besucht.<\/p>\n<p>Gerne ver\u00f6ffentlichen wir wieder die Auktionstermine der Auktionsh\u00e4user D\u00f6britz und Arnold f\u00fcr die Monate Februar und M\u00e4rz 2026:<\/p>\n<p>Auktionshaus D\u00f6britz: (Tel: 069-287733) Braubachstr.10 &#8211; 60311 Frankfurt \/ Main.<br \/>\n218. Kunstauktion Alte Kunst und Moderne, 28. Februar 2026 ab 10.00 Uhr.<\/p>\n<p>Auktionshaus Arnold: (Tel:069-282779), Bleichstr. 40-42, 60313 Frankfurt \/ Main.<br \/>\nVaria 25. Februar 2026, ab 10.00 Uhr.<br \/>\nSchmuck 28. M\u00e4rz 2026, ab 10.00 Uhr.<\/p>\n<p>Wir w\u00fcnschen Ihnen und Ihrer Familie ein gesegnetes Weihnachtsfest, erholsame Tage und f\u00fcr das neue Jahr 2026 Gesundheit und Wohlergehen. Wir bedanken uns recht herzlich f\u00fcr Ihre Unterst\u00fctzung und freuen uns auf unsere Veranstaltungen mit Ihnen im neuen Jahr.<\/p>\n<p>Daria Bottero-Heller\t\t\t\t\t\t\t          Willi M\u00fcller<\/p>\n<p>_______________________________________________________________________________<\/p>\n","protected":false},"excerpt":{"rendered":"<p>Rundschreiben 4\/2025 Sehr geehrte Damen und Herren, liebe Kunstfreunde, 20. Dezember 2025 Unser liebes Mitglied, Herr Hans-Joachim Homm, ist unerwartet von uns gegangen. Er geh\u00f6rte zu den Mitgliedern der ersten Stunde. Leider haben wir ihn nie bei unseren Veranstaltungen gesehen, &hellip; <a href=\"https:\/\/www.frankfurter-malerei.de\/?p=1606\">Weiterlesen <span class=\"meta-nav\">&rarr;<\/span><\/a><\/p>\n","protected":false},"author":2,"featured_media":0,"comment_status":"closed","ping_status":"open","sticky":false,"template":"","format":"standard","meta":{"rank_math_lock_modified_date":false,"footnotes":""},"categories":[1,24],"tags":[],"class_list":["post-1606","post","type-post","status-publish","format-standard","hentry","category-allgemein","category-rundschreiben-3-2018"],"_links":{"self":[{"href":"https:\/\/www.frankfurter-malerei.de\/index.php?rest_route=\/wp\/v2\/posts\/1606","targetHints":{"allow":["GET"]}}],"collection":[{"href":"https:\/\/www.frankfurter-malerei.de\/index.php?rest_route=\/wp\/v2\/posts"}],"about":[{"href":"https:\/\/www.frankfurter-malerei.de\/index.php?rest_route=\/wp\/v2\/types\/post"}],"author":[{"embeddable":true,"href":"https:\/\/www.frankfurter-malerei.de\/index.php?rest_route=\/wp\/v2\/users\/2"}],"replies":[{"embeddable":true,"href":"https:\/\/www.frankfurter-malerei.de\/index.php?rest_route=%2Fwp%2Fv2%2Fcomments&post=1606"}],"version-history":[{"count":1,"href":"https:\/\/www.frankfurter-malerei.de\/index.php?rest_route=\/wp\/v2\/posts\/1606\/revisions"}],"predecessor-version":[{"id":1607,"href":"https:\/\/www.frankfurter-malerei.de\/index.php?rest_route=\/wp\/v2\/posts\/1606\/revisions\/1607"}],"wp:attachment":[{"href":"https:\/\/www.frankfurter-malerei.de\/index.php?rest_route=%2Fwp%2Fv2%2Fmedia&parent=1606"}],"wp:term":[{"taxonomy":"category","embeddable":true,"href":"https:\/\/www.frankfurter-malerei.de\/index.php?rest_route=%2Fwp%2Fv2%2Fcategories&post=1606"},{"taxonomy":"post_tag","embeddable":true,"href":"https:\/\/www.frankfurter-malerei.de\/index.php?rest_route=%2Fwp%2Fv2%2Ftags&post=1606"}],"curies":[{"name":"wp","href":"https:\/\/api.w.org\/{rel}","templated":true}]}}