{"id":196,"date":"2011-03-31T09:53:26","date_gmt":"2011-03-31T08:53:26","guid":{"rendered":"http:\/\/vorschau.frankfurter-malerei.de\/?p=196"},"modified":"2019-02-18T17:06:32","modified_gmt":"2019-02-18T16:06:32","slug":"196","status":"publish","type":"post","link":"https:\/\/www.frankfurter-malerei.de\/?p=196","title":{"rendered":"Rundschreiben 1\/2011"},"content":{"rendered":"<p><strong>Sehr geehrte Damen und Herren,<\/strong><br \/>\n<strong> liebe Kunstfreunde,<\/strong><\/p>\n<p>unser Fr\u00fchlingsprogramm beginnt dieses Jahr am Dienstag, dem 1. M\u00e4rz, um 19.30&nbsp; Uhr im Cronstetten Haus, Speicherstra\u00dfe 39-47 mit einem sehr interessanten Vortrag von Herrn Dr. Thomas Zeller, .Kunsthistoriker und Mitglied unserer Gesellschaft. Er wird \u00fcber die \u201eFrankfurter Malerei im 19. Jahrhundert im Vergleich zur D\u00fcsseldorfer Malerschule\u201c, berichten<\/p>\n<p>Unsere Jahresmitgliederversammlung findet statt am Mittwoch, dem 23. M\u00e4rz 2011 um 16.30 Uhr im Vortragssaal des Cronstetten-Hauses. Wir hoffen bei dieser Gelegenheit auf eine zahlreiche Teilnahme unserer Mitglieder. (Die offizielle Einladung und Tagesordnung finden Sie auf der R\u00fcckseite).<\/p>\n<p>Am Dienstag, dem 29. M\u00e4rz 2011, laden wir Sie zu einen Vortrag<br \/>\n\u201eDer Maler Hans Thoma (1839-1924)\u201c von Herrn&nbsp; Johannes Westenberger M.A., Bildender K\u00fcnstler und Kunstp\u00e4dagoge ein. Zu diesem Vortrag ist eine Exkursion am Samstag, dem 2. April 2011 nach Oberursel zur Ged\u00e4chtnisst\u00e4tte des K\u00fcnstlers vorgesehen. Interessenten werden gebeten, sich bei Frau Daria Bottero-Heller unter der Nummer: 06102-26223 zu melden.<\/p>\n<p>Am Mittwoch, dem 13. April 2011 wird um 17.00 Uhr, in Zusammenarbeit mit dem<br \/>\nLiegenschaftsamt Frankfurt, Berliner Str. 33-34, die Ausstellung \u201eDas neue Frankfurt I\u201c er\u00f6ffnet. Die ausstellenden K\u00fcnstler sind die Preistr\u00e4ger des Wettbewerbes im Technischen Rathaus im Dezember 2009 und unsere Mitglieder,: Frau Schmidt-Haub, Herrn Heinz D\u00f6rr und Herrn Peter Eleven.(Einladungen werden gesondert zugeschickt)<\/p>\n<p>Am Dienstag, dem 10. Mai um 19.30 Uhr, laden wir sie nochmals zu einem ganz speziellen Vortrag von Herrn Alfred Grimminger ein \u201eDas Antlitz der Taschenuhr 1500-1960\u201c.<br \/>\nEin Besuch der noch bis um 29. Mai laufenden Ausstellung im Goldschmiedehaus in Hanau, ist am Samstag dem, 14. Mai vorgesehen. Interessenten werden gebeten, sich bei Frau Daria Bottero-Heller Tel.:06102-26223 zu melden.<\/p>\n<p>Herr Reinhold Schwartz hat sich bereit erkl\u00e4rt, Herrn Dr. Rothfuchs bei den Museumbesuchen zu unterst\u00fctzen. Einladungen werden weiterhin an alle Mitglieder der Museumgruppe verschickt.<br \/>\nDas Projekt \u201eAtelierbesuch\u201c unter der Leitung von Frau Dr. Eugenie B\u00f6rner wird auch in diesem Jahr fortgesetzt. Interessenten an den Veranstaltungen, die eine Einladung bekommen m\u00f6chten, werden gebeten, sich sofort bei Frau Dr. Eugenie B\u00f6rner, Tel.: 06181-659343 oder bei Frau Daria Bottero-Heller Tel.:06102-26223 zu melden<\/p>\n<p>Wir w\u00fcnschen Ihnen eine sch\u00f6ne Fr\u00fchlingszeit, und hoffen, Sie zahlreich bei unseren Veranstaltungen begr\u00fc\u00dfen zu d\u00fcrfen.<\/p>\n<p>Daria Bottero-Heller<br \/>\nGesellschaft zur F\u00f6rderung Frankfurter Malerei e.V<br \/>\n1. Vorsitzende<\/p>\n","protected":false},"excerpt":{"rendered":"<p>Sehr geehrte Damen und Herren, liebe Kunstfreunde, unser Fr\u00fchlingsprogramm beginnt dieses Jahr am Dienstag, dem 1. M\u00e4rz, um 19.30&nbsp; Uhr im Cronstetten Haus, Speicherstra\u00dfe 39-47 mit einem sehr interessanten Vortrag von Herrn Dr. Thomas Zeller, .Kunsthistoriker und Mitglied unserer Gesellschaft. &hellip; <a href=\"https:\/\/www.frankfurter-malerei.de\/?p=196\">Weiterlesen <span class=\"meta-nav\">&rarr;<\/span><\/a><\/p>\n","protected":false},"author":1,"featured_media":0,"comment_status":"closed","ping_status":"open","sticky":false,"template":"","format":"standard","meta":{"rank_math_lock_modified_date":false,"footnotes":""},"categories":[24],"tags":[],"class_list":["post-196","post","type-post","status-publish","format-standard","hentry","category-rundschreiben-3-2018"],"_links":{"self":[{"href":"https:\/\/www.frankfurter-malerei.de\/index.php?rest_route=\/wp\/v2\/posts\/196","targetHints":{"allow":["GET"]}}],"collection":[{"href":"https:\/\/www.frankfurter-malerei.de\/index.php?rest_route=\/wp\/v2\/posts"}],"about":[{"href":"https:\/\/www.frankfurter-malerei.de\/index.php?rest_route=\/wp\/v2\/types\/post"}],"author":[{"embeddable":true,"href":"https:\/\/www.frankfurter-malerei.de\/index.php?rest_route=\/wp\/v2\/users\/1"}],"replies":[{"embeddable":true,"href":"https:\/\/www.frankfurter-malerei.de\/index.php?rest_route=%2Fwp%2Fv2%2Fcomments&post=196"}],"version-history":[{"count":8,"href":"https:\/\/www.frankfurter-malerei.de\/index.php?rest_route=\/wp\/v2\/posts\/196\/revisions"}],"predecessor-version":[{"id":1243,"href":"https:\/\/www.frankfurter-malerei.de\/index.php?rest_route=\/wp\/v2\/posts\/196\/revisions\/1243"}],"wp:attachment":[{"href":"https:\/\/www.frankfurter-malerei.de\/index.php?rest_route=%2Fwp%2Fv2%2Fmedia&parent=196"}],"wp:term":[{"taxonomy":"category","embeddable":true,"href":"https:\/\/www.frankfurter-malerei.de\/index.php?rest_route=%2Fwp%2Fv2%2Fcategories&post=196"},{"taxonomy":"post_tag","embeddable":true,"href":"https:\/\/www.frankfurter-malerei.de\/index.php?rest_route=%2Fwp%2Fv2%2Ftags&post=196"}],"curies":[{"name":"wp","href":"https:\/\/api.w.org\/{rel}","templated":true}]}}