{"id":362,"date":"2011-08-11T12:01:05","date_gmt":"2011-08-11T11:01:05","guid":{"rendered":"http:\/\/www.frankfurter-malerei.de\/?p=362"},"modified":"2019-02-18T17:04:58","modified_gmt":"2019-02-18T16:04:58","slug":"rundschreiben-22011","status":"publish","type":"post","link":"https:\/\/www.frankfurter-malerei.de\/?p=362","title":{"rendered":"Rundschreiben 2\/2011"},"content":{"rendered":"<p>Rundschreiben 2\/2011<\/p>\n<p>Neu-Isenburg, 19.07.2011<\/p>\n<p>Sehr geehrte Damen und Herren, liebe Kunstfreunde,<\/p>\n<p>unsere zweimonatige Sommerpause hat bereits angefangen, dennoch m\u00f6chten wir Ihnen einige Termine bekannt geben, die f\u00fcr uns sehr wichtig sind.<\/p>\n<p>In diesem Monat hat die Gesellschaft zwei wichtige Geburtstage gefeiert.<\/p>\n<p>Am 3. Juli 2011 wurde unser treues Mitglied und F\u00f6rderer, Herr Dr. Werner Montag, Konsul a. D., 90 Jahre alt und am 13. Juli 2011 hat unser Ehrenpr\u00e4sident, Herr Helmut Schneider seinen 87. Geburtstag gefeiert.<\/p>\n<p>Im Namen aller Mitglieder wurde an beide als Dank eine gro\u00dfe Marzipantorte mit dem Logo der Gesellschaft \u00fcberreicht.<\/p>\n<p>Wir w\u00fcnschen beiden Geburtstagskindern weiterhin alles Gute und vor allem beste Gesund&shy;heit. (Ein Dankesbrief unseres Ehrenpr\u00e4sidenten ist beigef\u00fcgt).<\/p>\n<p>Nach dem erfolgreichen Kunstwettbewerb mit anschlie\u00dfender Ausstellung zum Abschied des Technischen Rathauses im Jahre 2009, haben wir mit den damali&shy;gen Preistr\u00e4gern des Wettbe&shy;werbs und mit gro\u00dfem Erfolg die Ausstellung \u201eDas neue Frankfurt I\u201e in den neuen R\u00e4umen des Liegenschaftsamtes in der Berliner Stra\u00dfe 33-35 am 13. April 2011 pr\u00e4sentiert.<\/p>\n<p>Die verschiedenen Mal &#8211; und Darstellungstechniken der K\u00fcnstler pr\u00e4gen die Ausstellung in be&shy;sonderer Weise und machen diese spannend und interessant f\u00fcr alle Besucher.<\/p>\n<p>An dieser Stelle m\u00f6chten wir uns bei den K\u00fcnstlern, Frau Doris Schmidt-Haub, Herrn Heinz D\u00f6rr und Herrn Peter Eleven f\u00fcr deren gro\u00dfe Leistungen, innerhalb von so kurzer Zeit solche wundersch\u00f6nen Bilder zu malen, recht herzlich bedanken.<\/p>\n<p>Unser besonderer Dank gilt auch der Stadt Frankfurt und insbesondere Herrn Alfred Gangel, Leitender Magistratsdirektor des Liegenschaftsamtes, der uns bei der Durchf\u00fchrung der Ausstel&shy;lung unterst\u00fctzt, die R\u00e4umlichkeiten zur Verf\u00fcgung gestellt und die Finanzierung \u00fcbernom&shy;men hat. Wir danken allen ehrenamtlichen Helfern und Mitgliedern, insbesondere Herrn Willi M\u00fcller, Herrn Reinhold Schwartz und Herrn Johannes Westenberger f\u00fcr deren Unterst\u00fctzung bei der Vorbereitung der Ausstellung. Sie k\u00f6nnen die Ausstellung in der Berliner Stra\u00dfe 33-35 in Frankfurt noch bis zum 30. September 2011, Montag bis Freitag von 10.00 bis 17.00 Uhr besuchen.<\/p>\n<p>Im September werden wir unsere Aktivit\u00e4ten mit folgendem Programm wieder aufnehmen:<\/p>\n<p>Am Samstag, dem 17. September 2011 bieten wir Ihnen die M\u00f6glichkeit, das F\u00fcrstliche Gartenfest im Schloss Wolfsgarten bei Langen in der N\u00e4he von Frankfurt, zu besuchen.<\/p>\n<p>Dieses bekannte Fest steht unter der Schirmherrschaft von Moritz Landgraf von Hessen, Ehrenmitglied unserer Gesellschaft. Interessenten k\u00f6nnen sich unter der Telefonnummer 06102-26223 mit Frau Daria Bottero-Heller bis zum 25 August 2011 in Verbindung setzen.<\/p>\n<p>Am Mittwoch, dem 28. September 2011 findet unsere Gesamtvorstandssitzung um<br \/>\n16.00 Uhr im Cronstetten-Haus statt. Einladungen werden Mitte September allen Vor&shy;standsmitgliedern gesondert zugeschickt.<\/p>\n<p>In den Monaten Oktober und November planen wir eine dreit\u00e4gige Kunstreise nach Leipzig. Interessen&shy;ten k\u00f6nnen sich bis zum 15. August 2011 unter der Telefonnummer 06102-26223 melden. Sobald die Teilnehmerzahl bekannt ist, wird das Programm gesondert zugesandt. Die Kosten f\u00fcr zwei \u00dcbernachtungen ohne Zugfahrt werden ungef\u00e4hr 135.- Euro betragen.<\/p>\n<p>Wir m\u00f6chten Sie noch auf ein wichtiges Jubil\u00e4um und zwei Ausstellungen, die im Herbst ge&shy;zeigt werden, aufmerksam machen.<\/p>\n<p>Am 22. September 2011 um 18.30 Uhr feiert das Archiv Frankfurter K\u00fcnstler den 100. Kunsttreff. Neue Mainzer Str.49, Frankfurt am Main (1822 Stiftung, Vortragssaal, 2. Stock),<\/p>\n<p>Bei der Gelegenheit wird Frau Prof. Dr. Christa Lichtenstein aus Berlin einen Vortrag \u00fcber \u201eGoethe und die Skulptur\u201c halten. Anschlie\u00dfen l\u00e4dt Dr. R. Schmitt-Thomas alle Anwesen&shy;den zu einem kleinen Imbiss ein.<\/p>\n<p>Vom 25. September 2011 bis zum 29. Januar 2012 zeigt das Museum Giersch<br \/>\n\u201eCarl Morgenstern (1811-1893) und die Landschaftsmalerei seiner Zeit\u201c.<br \/>\nHerr Dr. Rothfuchs hat schon einen Museumsbesuch f\u00fcr diese Ausstellung Anfang Oktober angek\u00fcndigt. Einladungen werden rechtzeitig an alle Mitglieder der Museumsgruppe gesen&shy;det.<\/p>\n<p>Vom 9. Oktober bis 29.Januar 2012 wird im Museum Kronberger Malerkolonie in Kronberg\/Ts. \u201eFritz Wucherer (1873-1948) eine Retrospektive\u201c gezeigt. Auch f\u00fcr diese Ausstellung ist ein Museumsbesuch vorgesehen.<\/p>\n<p>Wir w\u00fcnschen allen Mitgliedern noch einen angenehmen Sommer mit viel Sonne und weni&shy;ger Regen, und wir hoffen, Sie bald wieder bei unseren Veranstaltungen begr\u00fc\u00dfen zu d\u00fcrfen.<\/p>\n<p>Mit freundlichen Gr\u00fc\u00dfen<\/p>\n<p>Daria Bottero\u2013Heller<\/p>\n<p>Gesellschaft zur F\u00f6rderung Frankfurter Malerei e.V.<\/p>\n<p>1. Vorsitzende<\/p>\n","protected":false},"excerpt":{"rendered":"<p>Rundschreiben 2\/2011 Neu-Isenburg, 19.07.2011 Sehr geehrte Damen und Herren, liebe Kunstfreunde, unsere zweimonatige Sommerpause hat bereits angefangen, dennoch m\u00f6chten wir Ihnen einige Termine bekannt geben, die f\u00fcr uns sehr wichtig sind. In diesem Monat hat die Gesellschaft zwei wichtige Geburtstage &hellip; <a href=\"https:\/\/www.frankfurter-malerei.de\/?p=362\">Weiterlesen <span class=\"meta-nav\">&rarr;<\/span><\/a><\/p>\n","protected":false},"author":1,"featured_media":0,"comment_status":"closed","ping_status":"open","sticky":false,"template":"","format":"standard","meta":{"rank_math_lock_modified_date":false,"footnotes":""},"categories":[24],"tags":[],"class_list":["post-362","post","type-post","status-publish","format-standard","hentry","category-rundschreiben-3-2018"],"_links":{"self":[{"href":"https:\/\/www.frankfurter-malerei.de\/index.php?rest_route=\/wp\/v2\/posts\/362","targetHints":{"allow":["GET"]}}],"collection":[{"href":"https:\/\/www.frankfurter-malerei.de\/index.php?rest_route=\/wp\/v2\/posts"}],"about":[{"href":"https:\/\/www.frankfurter-malerei.de\/index.php?rest_route=\/wp\/v2\/types\/post"}],"author":[{"embeddable":true,"href":"https:\/\/www.frankfurter-malerei.de\/index.php?rest_route=\/wp\/v2\/users\/1"}],"replies":[{"embeddable":true,"href":"https:\/\/www.frankfurter-malerei.de\/index.php?rest_route=%2Fwp%2Fv2%2Fcomments&post=362"}],"version-history":[{"count":8,"href":"https:\/\/www.frankfurter-malerei.de\/index.php?rest_route=\/wp\/v2\/posts\/362\/revisions"}],"predecessor-version":[{"id":1242,"href":"https:\/\/www.frankfurter-malerei.de\/index.php?rest_route=\/wp\/v2\/posts\/362\/revisions\/1242"}],"wp:attachment":[{"href":"https:\/\/www.frankfurter-malerei.de\/index.php?rest_route=%2Fwp%2Fv2%2Fmedia&parent=362"}],"wp:term":[{"taxonomy":"category","embeddable":true,"href":"https:\/\/www.frankfurter-malerei.de\/index.php?rest_route=%2Fwp%2Fv2%2Fcategories&post=362"},{"taxonomy":"post_tag","embeddable":true,"href":"https:\/\/www.frankfurter-malerei.de\/index.php?rest_route=%2Fwp%2Fv2%2Ftags&post=362"}],"curies":[{"name":"wp","href":"https:\/\/api.w.org\/{rel}","templated":true}]}}