{"id":475,"date":"2011-10-03T12:27:17","date_gmt":"2011-10-03T11:27:17","guid":{"rendered":"http:\/\/www.frankfurter-malerei.de\/?p=475"},"modified":"2019-02-18T17:04:01","modified_gmt":"2019-02-18T16:04:01","slug":"rundschreiben-32011","status":"publish","type":"post","link":"https:\/\/www.frankfurter-malerei.de\/?p=475","title":{"rendered":"Rundschreiben 3\/2011"},"content":{"rendered":"<p>Rundschreiben 3\/2011<\/p>\n<p>Neu-Isenburg, 3. Oktober 2011<\/p>\n<p>Sehr geehrte Damen und Herren, liebe Kunstfreunde,<\/p>\n<p>der Herbst hat sich schon angek\u00fcndigt, und wir m\u00f6chten Sie gerne zu unseren Aktivit\u00e4ten bis Ende des Jahres einladen.<\/p>\n<p>Wir freuen uns, dass unsere erste Ausstellung im Liegenschaftsamt in Frankfurt am Main.<br \/>\n\u201eDas Neue Frankfurt I\u201c von der Stadt Frankfurt und von den Besuchern mit gro\u00dfem Interesse aufgenommen wurde. Auf Wunsch von Herrn Gangel, dem Leiter des Liegenschaftsamtes, werden wir diese Ausstellung bis Dezember 2011 verl\u00e4ngern (zur Finissage werden Einladungen gesondert zugesandt).<\/p>\n<p>Am 12. Oktober 2011 um 15.00 Uhr wird unsere Museumsgruppe unter der Leitung von Herrn Dr. Kurt Rothfuchs und Herrn Reinhold Schwartz die Ausstellung&nbsp; \u201eCarl Morgenstern und die Landschaftsmalerei seiner Zeit\u201c im Museum Giersch besuchen.<\/p>\n<p>Vom 4. bis 6. November findet, wie geplant, unsere Exkursion nach Leipzig statt. Wir werden die Stadt besichtigen und mehrere Museen besuchen (das Programm ist beigef\u00fcgt).<\/p>\n<p>Am 27. November 2011 um 15.00 Uhr findet unser Adventsfeier mit musikalischer Umrahmung im<br \/>\nCronstetten-Haus, Speicherstr. 39-47, 60327 Frankfurt am Main statt. Bei dieser Gelegenheit wird Frau Dr. Christine Jung einen Vortrag \u00fcber \u201eDie Darstellung der Geburt Jesu in der Glasmalerei im Mittelalter\u201e halten. Alle Mitglieder und ihre Familien sind dazu herzlich eingeladen (Anmeldung bei Frau Daria Bottero-Heller, Tel.: 06102-26223).<\/p>\n<p>Wir m\u00f6chten Sie noch auf drei Ausstellungen unserer Mitglieder aufmerksam machen.<br \/>\nJohannes Westenberger \u201eLandschaften \u2013 Arbeiten auf Papier\u201e GDA \u2013 Waldschmidtstra\u00dfe 6 &#8211; 60316 Frankfurt am Main. Die Ausstellung ist vom 19. September bis 31. Dezember 2011 t\u00e4glich ge\u00f6ffnet.<\/p>\n<p>Jubil\u00e4umsausstellung \u201eSteinheim einst und in unserer Zeit &#8211; Kostbarkeiten aus Privatbesitz \u201e.<br \/>\nvom 1. bis 31. Oktober 2011, Schloss Museum Steinheim \u2013 Schlossstra\u00dfe \u2013 63456 Steinheim. \u00d6ffnungszeiten Do. bis So. 10.00 -12.00 Uhr, 14.00 -17.00 Uhr. F\u00fchrung durch die Ausstellung am Samstag und Sonntag und nach Vereinbarung (Frau Dr. Eugenie B\u00f6rner Tel.: 06181-659343).<\/p>\n<p>Klaus Kappel zum Siebzigsten \u201eGem\u00e4lde, Zeichnungen 1988 \u2013 2011\u201e vom 21. Oktober bis 13. November 2011. Galerie im Haus der Freunde Frankfurts e. V., Schellgasse 8, 60594 Frankfurt am Main. \u00d6ffnungszeiten: Di., Fr., Sa. 14.00-17.00 Uhr, So. 11.00-17.00 Uhr.<\/p>\n<p>Wir w\u00fcnschen Ihnen sch\u00f6ne, sonnige Herbsttage.<\/p>\n<p>Mit freundlichen Gr\u00fc\u00dfen,<\/p>\n<p>Daria Bottero-Heller<\/p>\n","protected":false},"excerpt":{"rendered":"<p>Rundschreiben 3\/2011 Neu-Isenburg, 3. Oktober 2011 Sehr geehrte Damen und Herren, liebe Kunstfreunde, der Herbst hat sich schon angek\u00fcndigt, und wir m\u00f6chten Sie gerne zu unseren Aktivit\u00e4ten bis Ende des Jahres einladen. Wir freuen uns, dass unsere erste Ausstellung im &hellip; <a href=\"https:\/\/www.frankfurter-malerei.de\/?p=475\">Weiterlesen <span class=\"meta-nav\">&rarr;<\/span><\/a><\/p>\n","protected":false},"author":1,"featured_media":0,"comment_status":"closed","ping_status":"open","sticky":false,"template":"","format":"standard","meta":{"rank_math_lock_modified_date":false,"footnotes":""},"categories":[24],"tags":[],"class_list":["post-475","post","type-post","status-publish","format-standard","hentry","category-rundschreiben-3-2018"],"_links":{"self":[{"href":"https:\/\/www.frankfurter-malerei.de\/index.php?rest_route=\/wp\/v2\/posts\/475","targetHints":{"allow":["GET"]}}],"collection":[{"href":"https:\/\/www.frankfurter-malerei.de\/index.php?rest_route=\/wp\/v2\/posts"}],"about":[{"href":"https:\/\/www.frankfurter-malerei.de\/index.php?rest_route=\/wp\/v2\/types\/post"}],"author":[{"embeddable":true,"href":"https:\/\/www.frankfurter-malerei.de\/index.php?rest_route=\/wp\/v2\/users\/1"}],"replies":[{"embeddable":true,"href":"https:\/\/www.frankfurter-malerei.de\/index.php?rest_route=%2Fwp%2Fv2%2Fcomments&post=475"}],"version-history":[{"count":9,"href":"https:\/\/www.frankfurter-malerei.de\/index.php?rest_route=\/wp\/v2\/posts\/475\/revisions"}],"predecessor-version":[{"id":1241,"href":"https:\/\/www.frankfurter-malerei.de\/index.php?rest_route=\/wp\/v2\/posts\/475\/revisions\/1241"}],"wp:attachment":[{"href":"https:\/\/www.frankfurter-malerei.de\/index.php?rest_route=%2Fwp%2Fv2%2Fmedia&parent=475"}],"wp:term":[{"taxonomy":"category","embeddable":true,"href":"https:\/\/www.frankfurter-malerei.de\/index.php?rest_route=%2Fwp%2Fv2%2Fcategories&post=475"},{"taxonomy":"post_tag","embeddable":true,"href":"https:\/\/www.frankfurter-malerei.de\/index.php?rest_route=%2Fwp%2Fv2%2Ftags&post=475"}],"curies":[{"name":"wp","href":"https:\/\/api.w.org\/{rel}","templated":true}]}}