{"id":525,"date":"2012-02-23T14:42:19","date_gmt":"2012-02-23T13:42:19","guid":{"rendered":"http:\/\/www.frankfurter-malerei.de\/?p=525"},"modified":"2019-02-18T17:03:09","modified_gmt":"2019-02-18T16:03:09","slug":"rundschreiben-42011","status":"publish","type":"post","link":"https:\/\/www.frankfurter-malerei.de\/?p=525","title":{"rendered":"Rundschreiben 4\/2011"},"content":{"rendered":"<p>Rundschreiben 4\/2011<br \/>\nNeu Isenburg, 30. November 2011<\/p>\n<p>Sehr geehrte Damen und Herren,<br \/>\nliebe Kunstfreunde,<\/p>\n<p>leider m\u00fcssen wir dieses Rundschreiben mit zwei traurigen Nachrichten beginnen.<br \/>\nWie einige von Ihnen bereits erfahren haben, ist am 23. Oktober 2011 Herr Helmut Schneider, unser Ehrenpr\u00e4sident und Gr\u00fcnder der Gesellschaft nach langer und schwerer Krankheit in G\u00f6tzenhain verstorben.<br \/>\n34 Jahre lang war er ehrenamtlich als Pr\u00e4sident der Gesellschaft aktiv bis 2002, als er dann zur\u00fccktrat und zum Ehrenpr\u00e4sidenten ernannt wurde.<br \/>\nDurch sein unerm\u00fcdliches Engagement organisierte er viele Ausstellungen und Vortr\u00e4ge. Er rief eine \u201eKunsthistorische Schriftenreihe\u201c ins Leben und brachte viele Kataloge und Kalender heraus. Er hat sich um die Frankfurter Kunst in hohem Ma\u00dfe verdient gemacht.<br \/>\nDie Gesellschaft zur F\u00f6rderung Frankfurter Malerei e.V. wird Herrn Helmut Schneider stets ein ehrendes und dankbares Andenken bewahren.<\/p>\n<p>Wir bedauern auch den Tod von Frau Elena Saalig, die am 24. November 2011 verstarb. Sie war Mitbegr\u00fcnderin der Griesheimer Schule und hielt lange Jahre Kontakt zur Gesellschaft.<br \/>\nUnser tiefes Mitgef\u00fchl und Beileid gilt den betroffenen Familien.<\/p>\n<p>In diesem Jahr werden wir unsere Aktivit\u00e4ten mit der Finissage unserer Ausstellung<br \/>\n\u201eKunst im Treppenhaus &#8211; Das Neue Frankfurt 1\u201e<br \/>\nam 14. Dezember um 14.00 Uhr in der Berliner Str. 33-35, in Frankfurt am Main beenden. (Eine Einladung ist beigef\u00fcgt.)<\/p>\n<p>Mit diesem letzten Rundschreiben m\u00f6chten wir Sie noch einmal an die Aktivit\u00e4ten des Jahres 2011 erinnern.<br \/>\n1. M\u00e4rz: Vortrag von Herrn Dr. Thomas Zeller \u00fcber die \u201eFrankfurter Malerei im 19. Jahrhundert im Vergleich zur D\u00fcsseldorfer Malerschule\u201c<br \/>\n29. M\u00e4rz: Vortrag von Herrn Johannes Westenberger M.A. \u201eDer Maler Hans Thoma (1839-1924)\u201c<br \/>\n2. April: Exkursion zur Ged\u00e4chtnisst\u00e4tte des K\u00fcnstlers Hans Thoma in Oberursel<br \/>\n13. April: Er\u00f6ffnung der Ausstellung im Liegenschaftsamt Frankfurt, Berliner Stra\u00dfe 33-35     \u201eKunst im Treppenhaus &#8211; Das neue Frankfurt 1\u201e<br \/>\n10. Mai: Vortrag von Herrn Alfred Grimminger \u201eDas Antlitz der Taschenuhr 1500-1900\u201c<br \/>\n14. Mai: Besuch der Ausstellung \u201eDas Antlitz der Taschenuhr 1500-1900\u201c im Goldschmiedehaus Hanau<br \/>\n17. September: Besuch des F\u00fcrstlichen Gartenfestes im Schloss Wolfsgarten in Langen<br \/>\n5. Oktober: Besuch der Ausstellung \u201eCarl Morgenstern (1811-1893)\u201c im Museum Giersch<br \/>\n4. &#8211; 6. November: Exkursion nach Leipzig<br \/>\n16. November: Besuch der Ausstellung \u201eFritz Wucherer (1873-1948)\u201c in Kronberg, Museum<br \/>\nKronberger Malerkolonie<br \/>\n27. November: Unsere Adventsfeier fand wie jedes Jahr im Cronstetten-Haus mit den Bewohner des Hauses statt. Die Feier wurde von einem Vortrag von Frau Dr. Christine Jung \u00fcber \u201eDie Darstellung der Geburt Jesu in der mittelalterlichen Glasmalerei\u201c begleitet.<\/p>\n<p>Liebe Mitglieder, auch wenn unsere Arbeit ehrenamtlich ist, ist sie immer mit erheblichen Kosten verbunden. Wir planen im Jahr zwei Ausstellungen, weitere Vortr\u00e4ge, Museumsbesuche und Exkursionen. Um unsere Arbeit auch \u00fcber das Jahr 2012 hinaus fortsetzen zu k\u00f6nnen, bitten wir Sie, uns mit einer Spende zu unterst\u00fctzen. Wir sind f\u00fcr jeden Betrag sehr dankbar.<\/p>\n<p>Unsere erste Vorstandssitzung wird am 18. Januar 2012 um 16.00 Uhr im Cronstetten-Haus stattfinden.<br \/>\nDas Veranstaltungsprogramm f\u00fcr das erste Halbjahr 2012 werden wir Ihnen im Februar bekannt geben.<\/p>\n<p>Wir m\u00f6chten uns bei allen Mitgliedern sehr herzlich f\u00fcr die Unterst\u00fctzung und das Interesse an der Gesellschaft bedanken.<\/p>\n<p>Wir w\u00fcnschen Ihnen und Ihrer Familie eine gesegnete Adventszeit, ein friedliches Weihnachtsfest und ein gesundes und gl\u00fcckliches Neues Jahr.<\/p>\n<p>Herzliche Weihnachtsgr\u00fc\u00dfe,<\/p>\n<p>Daria Bottero-Heller<br \/>\nGesellschaft zur F\u00f6rderung Malerei e.V.<br \/>\n1.Vorsitzende<\/p>\n","protected":false},"excerpt":{"rendered":"<p>Rundschreiben 4\/2011 Neu Isenburg, 30. November 2011 Sehr geehrte Damen und Herren, liebe Kunstfreunde, leider m\u00fcssen wir dieses Rundschreiben mit zwei traurigen Nachrichten beginnen. Wie einige von Ihnen bereits erfahren haben, ist am 23. Oktober 2011 Herr Helmut Schneider, unser &hellip; <a href=\"https:\/\/www.frankfurter-malerei.de\/?p=525\">Weiterlesen <span class=\"meta-nav\">&rarr;<\/span><\/a><\/p>\n","protected":false},"author":1,"featured_media":0,"comment_status":"closed","ping_status":"open","sticky":false,"template":"","format":"standard","meta":{"rank_math_lock_modified_date":false,"footnotes":""},"categories":[24],"tags":[],"class_list":["post-525","post","type-post","status-publish","format-standard","hentry","category-rundschreiben-3-2018"],"_links":{"self":[{"href":"https:\/\/www.frankfurter-malerei.de\/index.php?rest_route=\/wp\/v2\/posts\/525","targetHints":{"allow":["GET"]}}],"collection":[{"href":"https:\/\/www.frankfurter-malerei.de\/index.php?rest_route=\/wp\/v2\/posts"}],"about":[{"href":"https:\/\/www.frankfurter-malerei.de\/index.php?rest_route=\/wp\/v2\/types\/post"}],"author":[{"embeddable":true,"href":"https:\/\/www.frankfurter-malerei.de\/index.php?rest_route=\/wp\/v2\/users\/1"}],"replies":[{"embeddable":true,"href":"https:\/\/www.frankfurter-malerei.de\/index.php?rest_route=%2Fwp%2Fv2%2Fcomments&post=525"}],"version-history":[{"count":3,"href":"https:\/\/www.frankfurter-malerei.de\/index.php?rest_route=\/wp\/v2\/posts\/525\/revisions"}],"predecessor-version":[{"id":1240,"href":"https:\/\/www.frankfurter-malerei.de\/index.php?rest_route=\/wp\/v2\/posts\/525\/revisions\/1240"}],"wp:attachment":[{"href":"https:\/\/www.frankfurter-malerei.de\/index.php?rest_route=%2Fwp%2Fv2%2Fmedia&parent=525"}],"wp:term":[{"taxonomy":"category","embeddable":true,"href":"https:\/\/www.frankfurter-malerei.de\/index.php?rest_route=%2Fwp%2Fv2%2Fcategories&post=525"},{"taxonomy":"post_tag","embeddable":true,"href":"https:\/\/www.frankfurter-malerei.de\/index.php?rest_route=%2Fwp%2Fv2%2Ftags&post=525"}],"curies":[{"name":"wp","href":"https:\/\/api.w.org\/{rel}","templated":true}]}}