{"id":684,"date":"2012-11-07T15:38:44","date_gmt":"2012-11-07T14:38:44","guid":{"rendered":"http:\/\/www.frankfurter-malerei.de\/?p=684"},"modified":"2019-02-18T16:57:27","modified_gmt":"2019-02-18T15:57:27","slug":"rundschreiben-32012","status":"publish","type":"post","link":"https:\/\/www.frankfurter-malerei.de\/?p=684","title":{"rendered":"Rundschreiben 3\/2012"},"content":{"rendered":"<p>Rundschreiben 3\/2012,Neu Isenburg, 08.Oktober 2012<br \/>\nsehr geehrte Damen und Herren, liebe Kunstfreunde,<br \/>\nwir freuen uns sehr, dass es uns gelungen ist, noch in diesem Jahr eine gro\u00dfe Ausstellung mit Arbeiten des Malers Hanny Franke (1890-1973) zu organisieren. Ausstellungsort ist die Galerie im Kundenzentrum der Frankfurter Sparkasse von 1822, Neue Mainzer Strasse 49, 60311 Frankfurt.<br \/>\nDie Gesellschaft bereitet die Ausstellung gemeinsam mit dem Museum in Eschborn vor. Wir suchen noch Bilder von Hanny Franke; bevorzugt sind Frankfurter Motive. Wenn Sie welche besitzen und zur Ausstellung geben wollen, melden Sie sich bitte bei obengenannter Telefonnummer.<\/p>\n<p>Sie erhalten eine separate Einladung zur Vernissage am Montag, dem 19. Novem\u00acber 2012 um 19:00 Uhr. Die Ausstellung wird vom 20. November 2012 bis 11. Januar 2013 gezeigt.<\/p>\n<p>Am Dienstag, dem 16. Oktober, um 17.00 Uhr findet unsere Gesamtvorstandssitzung<br \/>\nim Cronstetten-Haus statt. Vorstandsmitglieder wurden bereits informiert.<\/p>\n<p>Am Dienstag dem 16. Oktober 2012 um 19:30 Uhr h\u00e4lt der Dozent der Malgruppe im Cronstetten-Haus und Mitglied unserer Gesellschaft, Herr Johannes Westenberger, Kunstp\u00e4dagoge, M.A. einen Vortrag zu dem Thema: &#8222;Malen und Zeichnen &#8211; im stil\u00aclen K\u00e4mmerlein oder gemeinsam mit Gleichgesinnten.\u201c<br \/>\nBei dieser Gelegenheit sind Sie herzlich eingeladen, die sehr gelungene Ausstellung der Malgruppe von Herrn Westenberger im Vortragssaal zu besuchen.<\/p>\n<p>Auch in diesem Jahr d\u00fcrfen wir Sie, Ihre Familie und Bekannte sehr herzlich zur<br \/>\nAdventsfeier ins Cronstetten-Haus, Speicherstrasse 39 &#8211; 47 einladen.<br \/>\nEin besonderes Highlight  ist ein Harfenkonzert mit der franz\u00f6sischen K\u00fcnstlerin Daphn\u00e9 Milio, Mitglied des &#8222;Orchestre des Jeunes de la M\u00e9diterran\u00e9e\u201c unter der Lei\u00actung von Francois Xavier Roth und Mitglied des Internationalen Ensembles  \u201eModern Academy of Frankfurt\u201c.<\/p>\n<p>Die Feier beginnt am Sonntag, den 2. Dezember 2012 um 15:00 Uhr.<\/p>\n<p>Die Museumsgruppe wird sich wieder im Oktober im St\u00e4delmuseum treffen. Besucht wird die Ausstellung &#8222;Schwarze Romantik&#8220; die am 26. September er\u00f6ffnet wurde. Einladungen werden gesondert zugesandt..<\/p>\n<p>Vom 14. Oktober 2012 bis 21. Januar 2013 zeigt das Museum Kronberger Malerkolo\u00acnie die Ausstellung \u201eMalweiber\u201c mit bekannten (Paula Modersohn-Becker oder  Gabriele M\u00fcnter) und unbekannten K\u00fcnstlerinnen aus Frankfurt, Kronberg, Murnau und Worpswede.<\/p>\n<p>Die diesj\u00e4hrige Exkursion nach Weimar findet, wie schon angek\u00fcndigt, in der Zeit vom 26. Oktober bis 28. Oktober  2012 statt. Wir w\u00fcnschen allen Teilnehmern einen sch\u00f6nen Aufenthalt mit gutem Wetter.<\/p>\n<p>&#8222;Mitglieder werben Mitglieder&#8220;: Unter diesem Motto wollen wir neue Mitglieder ge\u00acwinnen. Sie erhalten eine Pr\u00e4mie von \u20ac 50.00 wenn Sie uns helfen, mindestens f\u00fcnf neue Mitglieder zu gewinnen.<\/p>\n<p>Wir m\u00f6chten uns bei allen Mitgliedern sehr herzlich f\u00fcr die Unterst\u00fctzung und das In\u00acteresse an der Gesellschaft bedanken.<\/p>\n<p>Mit freundlichen Gr\u00fc\u00dfen<\/p>\n<p>Daria Bottero-Heller\t\t\t\t\t\t\tWilli M\u00fcller<br \/>\n1.Vorsitzende\t\t\t\t\t\t\t\t2. Vorsitzender<\/p>\n","protected":false},"excerpt":{"rendered":"<p>Rundschreiben 3\/2012,Neu Isenburg, 08.Oktober 2012 sehr geehrte Damen und Herren, liebe Kunstfreunde, wir freuen uns sehr, dass es uns gelungen ist, noch in diesem Jahr eine gro\u00dfe Ausstellung mit Arbeiten des Malers Hanny Franke (1890-1973) zu organisieren. Ausstellungsort ist die &hellip; <a href=\"https:\/\/www.frankfurter-malerei.de\/?p=684\">Weiterlesen <span class=\"meta-nav\">&rarr;<\/span><\/a><\/p>\n","protected":false},"author":2,"featured_media":0,"comment_status":"closed","ping_status":"open","sticky":false,"template":"","format":"standard","meta":{"rank_math_lock_modified_date":false,"footnotes":""},"categories":[24],"tags":[],"class_list":["post-684","post","type-post","status-publish","format-standard","hentry","category-rundschreiben-3-2018"],"_links":{"self":[{"href":"https:\/\/www.frankfurter-malerei.de\/index.php?rest_route=\/wp\/v2\/posts\/684","targetHints":{"allow":["GET"]}}],"collection":[{"href":"https:\/\/www.frankfurter-malerei.de\/index.php?rest_route=\/wp\/v2\/posts"}],"about":[{"href":"https:\/\/www.frankfurter-malerei.de\/index.php?rest_route=\/wp\/v2\/types\/post"}],"author":[{"embeddable":true,"href":"https:\/\/www.frankfurter-malerei.de\/index.php?rest_route=\/wp\/v2\/users\/2"}],"replies":[{"embeddable":true,"href":"https:\/\/www.frankfurter-malerei.de\/index.php?rest_route=%2Fwp%2Fv2%2Fcomments&post=684"}],"version-history":[{"count":10,"href":"https:\/\/www.frankfurter-malerei.de\/index.php?rest_route=\/wp\/v2\/posts\/684\/revisions"}],"predecessor-version":[{"id":1237,"href":"https:\/\/www.frankfurter-malerei.de\/index.php?rest_route=\/wp\/v2\/posts\/684\/revisions\/1237"}],"wp:attachment":[{"href":"https:\/\/www.frankfurter-malerei.de\/index.php?rest_route=%2Fwp%2Fv2%2Fmedia&parent=684"}],"wp:term":[{"taxonomy":"category","embeddable":true,"href":"https:\/\/www.frankfurter-malerei.de\/index.php?rest_route=%2Fwp%2Fv2%2Fcategories&post=684"},{"taxonomy":"post_tag","embeddable":true,"href":"https:\/\/www.frankfurter-malerei.de\/index.php?rest_route=%2Fwp%2Fv2%2Ftags&post=684"}],"curies":[{"name":"wp","href":"https:\/\/api.w.org\/{rel}","templated":true}]}}