{"id":733,"date":"2013-03-31T16:00:28","date_gmt":"2013-03-31T15:00:28","guid":{"rendered":"http:\/\/www.frankfurter-malerei.de\/?p=733"},"modified":"2019-02-18T16:55:29","modified_gmt":"2019-02-18T15:55:29","slug":"rundschreiben-412","status":"publish","type":"post","link":"https:\/\/www.frankfurter-malerei.de\/?p=733","title":{"rendered":"Rundschreiben 4\/2012"},"content":{"rendered":"<p>Neu Isenburg, den 18. Dezember 2012<br \/>\nSehr geehrte Damen und Herren, liebe Kunstfreunde,<br \/>\ndie Ausstellung \u201eHanny Franke, Maler (1890-1973)\u201c mit 70 Arbeiten des K\u00fcnstlers in der Frankfurter Sparkasse von 1822 ist ein gro\u00dfer Erfolg und findet gro\u00dfen An\u00acklang bei den Besuchern.<br \/>\nMitglieder, Freunde und Bekannte sind alle herzlichst dazu eingeladen, die Ausstel\u00aclung bis zum. 11. Januar 2013 in der Galerie im Kundenzentrum der Frankfurter Sparkasse von 1822, Neue Mainzer Strasse 49, 60311 Frankfurt zu besuchen. \u00d6ff\u00acnungszeiten: Di., Mi., Fr. 9 bis 16 Uhr, Do bis 18 Uhr<\/p>\n<p>Die Gesellschaft zur F\u00f6rderung Frankfurter Malerei e.V. blickt zufrieden auf ein erfolgreiches Jahr 2012 zur\u00fcck:<\/p>\n<p>April bis Juni 2012, Ausstellung Kunst im Treppenhaus \u201eErinnerungen an Benno Walldorf (1926-1985)\u201c im Liegenschaftsamt der Stadt Frankfurt am Main, Berliner Str. 33-35<\/p>\n<p>Mai 2012, Vortrag von Frau Patricia Stahl, Museumleiterin des Kronberger Hauses \u201eH\u00f6chster Porzellan Manufaktur&#8220; im Cronstetten-Haus, Frankfurt<\/p>\n<p>31. Mai 2012, Gespr\u00e4ch \u00fcben das Leben und Werk von Benno Waldorf<\/p>\n<p>Juni 2012, Vortrag von Frau Dr. Annette de la Cruz \u201eHanny Franke (1890-1973)&#8220;<\/p>\n<p>Besichtigung der \u201eVilla Mumm\u201c im September 2012 mit Walter J. Lachner<\/p>\n<p>Die diesj\u00e4hrige Exkursion nach Weimar war in der Zeit vom 26. Oktober bis 28. Okto\u00acber 2012<\/p>\n<p>November 2012 bis Januar 2013, Ausstellung \u201eHanny Franke, Maler (1890-1973)&#8220;,<br \/>\nGalerie im Kundenzentrum der Frankfurter Sparkasse von 1822, Neue Mainzer Stra\u00ac\u00dfe 49, 60311 Frankfurt<\/p>\n<p>Museumsbesuche<\/p>\n<p>Mai 2012<br \/>\nWilhelm Steinhausen, Natur und Religion, Museum Giersch<br \/>\nLeitung: Dr. Kurt Rothfuchs, Reinhold Schwartz<\/p>\n<p>April 2012<br \/>\nDer Moderne Blick, Edvard Munch, Schirn Kunsthalle Frankfurt<br \/>\nLeitung: Dr. Kurt Rothfuchs, Reinhold Schwartz<\/p>\n<p>Mai 2012<br \/>\nBesichtigung des Porzellan-Museums im Kronberger Haus<br \/>\nLeitung: Frau Patricia Stahl, Museumleiterin<\/p>\n<p>November 2012<br \/>\nGustave Caillebotte, Schirn, Kunsthalle Frankfurt<br \/>\nLeitung: Dr. Kurt Rothfuchs,<\/p>\n<p>Der Leiter der Museumgruppe aus dem Kuratorium, Herr Dr. Kurt Rothfuchs, kann lei\u00acder aus famili\u00e4ren Gr\u00fcnden diese Aufgabe ab 2013 nicht mehr \u00fcbernehmen.<br \/>\nWir danken ihm f\u00fcr sein gro\u00dfes Engagement und w\u00fcnschen ihm alles Gute.<\/p>\n<p>Auch in diesem Jahr haben wir wieder zur Adventsfeier ins Cronstetten-Haus, Spei\u00accherstrasse 39 \u2013 47, eingeladen. Ein besonderes Highlight und ein gro\u00dfer Erfolg war ein Harfenkonzert mit der franz\u00f6\u00acsischen K\u00fcnstlerin Daphn\u00e9 Milio.<\/p>\n<p>Wir m\u00f6chten Sie noch auf zwei Ausstellungen aufmerksam machen, die bis Januar in Frankfurt noch zu sehen sind.<\/p>\n<p>Kunsthandlung Julius Giessen \u201eGeschnitzte Holzskulpturen von Luis H\u00f6ger und gemalte Farbkl\u00e4nge von Arnold Gorski\u201c, Hochstr. 48, 60313 Frankfurt.<\/p>\n<p>Galerie und Kunstantiquariat Joseph Fach GmbH \u201eFrauenkunst \u2013 Kunst von Frau\u00acen\u201c , zu sehen bis 19. Januar 2013, Am Weingarten 7, 60487 Frankfurt.<\/p>\n<p>Die Gesellschaft zur F\u00f6rderung Frankfurter Malerei e.V. m\u00f6chte sich in Zukunft nicht nur f\u00fcr die K\u00fcnstler des 19. und 20. Jahrhundert verst\u00e4rkt engagieren, sondern auch begabte K\u00fcnstler unterst\u00fctzen. Wir m\u00f6chten unser Angebot an Exkursionen erwei\u00actern, zum Beispiel auch ins Ausland. Wir planen Tagesexkursionen, Vortr\u00e4ge und noch mehr gesellschaftliche Ereignisse.<\/p>\n<p>Daf\u00fcr stehen sie meine Damen und Herren! Denn die Arbeit der Gesellschaft wird durch das finanzielle und ehrenamtliche Engagement unserer Mitglieder, F\u00f6rderer, Spender und Sponsoren getragen. Wir m\u00f6chten uns bei allen Mitgliedern sehr herz\u00aclich f\u00fcr das Interesse an der Gesellschaft und die Unterst\u00fctzung in der Vergangenheit bedanken und blicken hoffnungsfroh in die Zukunft und. Wir m\u00f6chten unsere Arbeit auch \u00fcber das Jahr 2012 hinaus erfolgreich fortsetzen.<\/p>\n<p>Darum bitten wir Sie sehr um Ihre Unterst\u00fctzung. St\u00e4rken Sie die Gesellschaft zur F\u00f6rderung Frankfurter Malerei e.V. mit einer Spende. Jeder Betrag wird f\u00fcr uns eine gro\u00dfe Hilfe sein. Gerne k\u00f6nnen Sie den beigelegten \u00dcberweisungstr\u00e4ger verwenden.<br \/>\nAuf Wunsch stellen wir Ihnen eine Spendenbescheinigung aus.<\/p>\n<p>Wir w\u00fcnschen Ihnen und Ihrer Familie ein sch\u00f6nes und besinnliches Weihnachtsfest,<br \/>\neinen guten Rutsch ins Neue Jahr, viel Gl\u00fcck und vor allem Gesundheit f\u00fcr 2013.<\/p>\n<p>Mit freundlichen Gr\u00fc\u00dfen<\/p>\n<p>Daria Bottero-Heller\t\t\t\t\t\tWilli M\u00fcller<br \/>\n1.Vorsitzende\t\t\t\t\t\t\t2. Vorsitzender<\/p>\n","protected":false},"excerpt":{"rendered":"<p>Neu Isenburg, den 18. Dezember 2012 Sehr geehrte Damen und Herren, liebe Kunstfreunde, die Ausstellung \u201eHanny Franke, Maler (1890-1973)\u201c mit 70 Arbeiten des K\u00fcnstlers in der Frankfurter Sparkasse von 1822 ist ein gro\u00dfer Erfolg und findet gro\u00dfen An\u00acklang bei den &hellip; <a href=\"https:\/\/www.frankfurter-malerei.de\/?p=733\">Weiterlesen <span class=\"meta-nav\">&rarr;<\/span><\/a><\/p>\n","protected":false},"author":2,"featured_media":0,"comment_status":"closed","ping_status":"open","sticky":false,"template":"","format":"standard","meta":{"rank_math_lock_modified_date":false,"footnotes":""},"categories":[24],"tags":[],"class_list":["post-733","post","type-post","status-publish","format-standard","hentry","category-rundschreiben-3-2018"],"_links":{"self":[{"href":"https:\/\/www.frankfurter-malerei.de\/index.php?rest_route=\/wp\/v2\/posts\/733","targetHints":{"allow":["GET"]}}],"collection":[{"href":"https:\/\/www.frankfurter-malerei.de\/index.php?rest_route=\/wp\/v2\/posts"}],"about":[{"href":"https:\/\/www.frankfurter-malerei.de\/index.php?rest_route=\/wp\/v2\/types\/post"}],"author":[{"embeddable":true,"href":"https:\/\/www.frankfurter-malerei.de\/index.php?rest_route=\/wp\/v2\/users\/2"}],"replies":[{"embeddable":true,"href":"https:\/\/www.frankfurter-malerei.de\/index.php?rest_route=%2Fwp%2Fv2%2Fcomments&post=733"}],"version-history":[{"count":9,"href":"https:\/\/www.frankfurter-malerei.de\/index.php?rest_route=\/wp\/v2\/posts\/733\/revisions"}],"predecessor-version":[{"id":1236,"href":"https:\/\/www.frankfurter-malerei.de\/index.php?rest_route=\/wp\/v2\/posts\/733\/revisions\/1236"}],"wp:attachment":[{"href":"https:\/\/www.frankfurter-malerei.de\/index.php?rest_route=%2Fwp%2Fv2%2Fmedia&parent=733"}],"wp:term":[{"taxonomy":"category","embeddable":true,"href":"https:\/\/www.frankfurter-malerei.de\/index.php?rest_route=%2Fwp%2Fv2%2Fcategories&post=733"},{"taxonomy":"post_tag","embeddable":true,"href":"https:\/\/www.frankfurter-malerei.de\/index.php?rest_route=%2Fwp%2Fv2%2Ftags&post=733"}],"curies":[{"name":"wp","href":"https:\/\/api.w.org\/{rel}","templated":true}]}}