{"id":741,"date":"2013-03-31T16:04:57","date_gmt":"2013-03-31T15:04:57","guid":{"rendered":"http:\/\/www.frankfurter-malerei.de\/?p=741"},"modified":"2019-02-18T16:52:39","modified_gmt":"2019-02-18T15:52:39","slug":"rundschreiben-12013-2","status":"publish","type":"post","link":"https:\/\/www.frankfurter-malerei.de\/?p=741","title":{"rendered":"Rundschreiben 1\/2013"},"content":{"rendered":"<p>Neu Isenburg, den 3. M\u00e4rz 2013<br \/>\nSehr geehrte Damen und Herren,liebe Kunstfreunde,<br \/>\nherzlichen Dank an alle Mitglieder die unsere Arbeit mit einer Spende im Jahre 2012 gew\u00fcr\u00acdigt haben. Diese Geste ist f\u00fcr uns eine gro\u00dfe Motivation, unser Engagement mit Kontinuit\u00e4t und Ausdauer fortzusetzen.<\/p>\n<p>Unsere Ausstellung \u201eHanny Franke, Maler (1890-1973)\u201c in der Galerie im Kundenzentrum der Frankfurter Sparkasse in Frankfurt ist am 11. Januar 2013 zu Ende gegangen. Wir freuen uns \u00fcber die positive Resonanz und \u00fcber die zahlreichen Besucher.<br \/>\nDie Verwirklichung dieser Ausstellung verdanken wir der Stiftung der Frankfurter Sparkasse von1822. Wir danken dem Vorstand und den Mitarbeitern dieser Einrichtung f\u00fcr die vertrau\u00acensvolle und konstruktive Zusammenarbeit.<\/p>\n<p>Wir danken allen privaten und institutionellen Leihgebern insbesondere Herrn Gerard Raiss, dem Museumsleiter und Stadtarchivar der Stadt Eschborn, der uns die meisten Werke des K\u00fcnstlers zur Verf\u00fcgung gestellt hat. Dar\u00fcber hinaus bedanken wir uns bei der Kunsthand\u00aclung Julius Giessen, bei der Galerie Uwe Opper in Kronberg, sowie bei Herrn Wolfgang D\u00f6r\u00acre, Internationale Vermittlung von Kunst und Antiquit\u00e4ten in Oberursel, f\u00fcr die freundliche Un\u00acterst\u00fctzung. Zu danken haben wir auch Herrn Klaus Kappel f\u00fcr seinen gro\u00dfz\u00fcgigen Beitrag als Leihgeber und Berater.<br \/>\nUnser besonderer Dank gilt auch Frau Dr. Annette de la Cruz, die uns bei der organisatori\u00acschen Arbeit immer zur Seite stand.<\/p>\n<p>Die diesj\u00e4hrige Mitgliederversammlung findet am Freitag, dem 15 M\u00e4rz 2013, um 16.00 Uhr im Cronstetten-Haus, Speicherstra\u00dfe 39-47 in Frankfurt-Westhafen statt. Eine gesonderte Einladung ist beigef\u00fcgt.<\/p>\n<p>Die Leitung der Museumsgruppe wird von Herrn Helmut Reifschneider aus dem Vorstand \u00fcbernommen. Unser n\u00e4chster Besuch ist am Mittwoch, dem 13. M\u00e4rz um 15.00 Uhr im St\u00e4del f\u00fcr die Ausstellung \u201eSch\u00f6nheit und Revolution, Klassizismus 1770-1820\u201c geplant. Wir treffen uns an der Kasse des Museums. Die F\u00fchrung durch die Ausstellung wird die er\u00acfahrene Kunsthistorikerin Frau Veronika Grundei \u00fcbernehmen.<\/p>\n<p>Am Montag, dem 15. April 2013 werden wir unter der Leitung von Herrn Walter J.Lachner, Deutsche Stiftung Denkmalschutz, die Villa Bonn besuchen. Ein sehr interessanter Bau im neoklassizistischen Stil.<br \/>\nDieser wurde zwischen 1895 und 1897 f\u00fcr den Bankier Wilhelm Bernhard Bonn errichtet und ist heute eine der wenigen vollst\u00e4ndig erhaltenen Bauwerke dieser Epoche in Frankfurt.<br \/>\nTreffpunkt ist um 15.00 Uhr in der Siesmayerstra\u00dfe 12 in der N\u00e4he des Palmengartens.<br \/>\nAus organisatorischen Gr\u00fcnden bitten wir um Anmeldung unter der Telefonnummer 06102-26223.<\/p>\n<p>Am Dienstag, dem 7. Mai 2013, um 19.30 Uhr, wird Dr. Robert Bock, Leiter der<br \/>\nGalerie Ausstellungshalle 1a in Frankfurt den Vortrag \u201eFritz B\u00f6hle, ein Frankfurter Maler K\u00fcnstler und Bildhauer\u201c halten.<br \/>\nDie Veranstaltung wird im Cronstetten-Haus, Speicherstrass 37-49, Frankfurt-Westhafen, stattfinden. Telefon 069-2710797-0<\/p>\n<p>Am Freitag, dem 5. Juli 2013 werden wir das Schloss Sch\u00f6neck im Hunsr\u00fcck besuchen. Dieses Schloss wurde 1922 von dem K\u00fcnstler Wilhelm Steinhausen erworben und ist heute noch im Besitz der Familienstiftung. F\u00fcr all diejenigen, die dieses wunderbare Schloss nur von Gem\u00e4lden ber\u00fchmter K\u00fcnstler kennen, ist dies eine wunderbare Gelegenheit, das Schloss zu besichtigen. Wir m\u00f6chten alle Interessenten freundlich bitten, sich bei uns per Mail daria.heller@gmx.de, oder telefonisch 06102-26223 zu melden. Teilen Sie uns auch mit, ob Sie mit eigenem PKW fahren, jemand mitnehmen k\u00f6nnen oder mitgenommen werden m\u00f6chten.<\/p>\n<p>Eine Exkursion nach Mailand (Hin- und R\u00fcckflug mit Lufthansa) ist f\u00fcr Anfang Oktober mit drei \u00dcbernachtungen geplant. In dieser Zeit, werden wir unter anderem das Abendmahl Leo\u00acnardo da Vincis, das weltber\u00fchmte Fresko im Kloster Santa Maria delle Grazie, bewundern. Wir m\u00f6chten auch das \u201eTeatro della Scala\u201c besichtigen und das neue Museum der italieni\u00acschen Kunst des 19. Jahrhunderts besuchen. Zum 200. Todestag von Giuseppe Verdi, wer\u00acden wir sein Haus in Ricasole, nicht weit von Mailand entfernt, besichtigen. Selbstverst\u00e4nd\u00aclich werden wir auch gen\u00fcgend M\u00f6glichkeiten haben, in den eleganten Einkaufstra\u00dfen Mai\u00aclands zu flanieren und zu verweilen. Interessenten k\u00f6nnen sich bis zum 12. M\u00e4rz 2013 unter der Telefonnummer 06102-26223 melden.<\/p>\n<p>F\u00fcr die wertvolle Unterst\u00fctzung der Auktionsh\u00e4user D\u00f6britz und Arnold, die wir bei vielen Gelegenheiten erfahren haben, m\u00f6chten wir von jetzt an die Auktionstermine beider H\u00e4user in unseren Rundschreiben bekannt geben.<\/p>\n<p>Auktionshaus D\u00f6britz, Braubachstrasse 10-12, 60311 Frankfurt, Tel. 069-287733<br \/>\n9. M\u00e4rz 2013 175. Auktion.<br \/>\n20. April 2013 13. Hafen Auktion.<\/p>\n<p>Auktionshaus Arnold, Bleichstra\u00dfe 42, 60313 Frankfurt, Tel. 069-282779<br \/>\n16. M\u00e4rz 2013, Schmuck, Juwelen, Uhren und M\u00fcnzen.<br \/>\n4. Mai 2013, Nacht der Museen Benefiz Auktion, Junge Kunst mit Zukunft.<br \/>\n13 April 2013, alte Kunst und Antiquit\u00e4ten.<br \/>\n15. Juni 2013, Schmuck, Juwelen, Uhren und M\u00fcnzen.<\/p>\n<p>Wir w\u00fcnschen Ihnen sch\u00f6ne Fr\u00fchlings- und Ostertage.<\/p>\n<p>Mit freundlichen Gr\u00fc\u00dfen<\/p>\n<p>Daria Bottero-Heller \t\t\t\t\t\t\tWilli M\u00fcller<br \/>\n1.Vorsitzende \t\t\t\t\t\t\t\t2. Vorsitzender<\/p>\n","protected":false},"excerpt":{"rendered":"<p>Neu Isenburg, den 3. M\u00e4rz 2013 Sehr geehrte Damen und Herren,liebe Kunstfreunde, herzlichen Dank an alle Mitglieder die unsere Arbeit mit einer Spende im Jahre 2012 gew\u00fcr\u00acdigt haben. Diese Geste ist f\u00fcr uns eine gro\u00dfe Motivation, unser Engagement mit Kontinuit\u00e4t &hellip; <a href=\"https:\/\/www.frankfurter-malerei.de\/?p=741\">Weiterlesen <span class=\"meta-nav\">&rarr;<\/span><\/a><\/p>\n","protected":false},"author":2,"featured_media":0,"comment_status":"closed","ping_status":"open","sticky":false,"template":"","format":"standard","meta":{"rank_math_lock_modified_date":false,"footnotes":""},"categories":[24],"tags":[],"class_list":["post-741","post","type-post","status-publish","format-standard","hentry","category-rundschreiben-3-2018"],"_links":{"self":[{"href":"https:\/\/www.frankfurter-malerei.de\/index.php?rest_route=\/wp\/v2\/posts\/741","targetHints":{"allow":["GET"]}}],"collection":[{"href":"https:\/\/www.frankfurter-malerei.de\/index.php?rest_route=\/wp\/v2\/posts"}],"about":[{"href":"https:\/\/www.frankfurter-malerei.de\/index.php?rest_route=\/wp\/v2\/types\/post"}],"author":[{"embeddable":true,"href":"https:\/\/www.frankfurter-malerei.de\/index.php?rest_route=\/wp\/v2\/users\/2"}],"replies":[{"embeddable":true,"href":"https:\/\/www.frankfurter-malerei.de\/index.php?rest_route=%2Fwp%2Fv2%2Fcomments&post=741"}],"version-history":[{"count":4,"href":"https:\/\/www.frankfurter-malerei.de\/index.php?rest_route=\/wp\/v2\/posts\/741\/revisions"}],"predecessor-version":[{"id":1233,"href":"https:\/\/www.frankfurter-malerei.de\/index.php?rest_route=\/wp\/v2\/posts\/741\/revisions\/1233"}],"wp:attachment":[{"href":"https:\/\/www.frankfurter-malerei.de\/index.php?rest_route=%2Fwp%2Fv2%2Fmedia&parent=741"}],"wp:term":[{"taxonomy":"category","embeddable":true,"href":"https:\/\/www.frankfurter-malerei.de\/index.php?rest_route=%2Fwp%2Fv2%2Fcategories&post=741"},{"taxonomy":"post_tag","embeddable":true,"href":"https:\/\/www.frankfurter-malerei.de\/index.php?rest_route=%2Fwp%2Fv2%2Ftags&post=741"}],"curies":[{"name":"wp","href":"https:\/\/api.w.org\/{rel}","templated":true}]}}