{"id":751,"date":"2013-08-21T14:25:04","date_gmt":"2013-08-21T13:25:04","guid":{"rendered":"http:\/\/www.frankfurter-malerei.de\/?p=751"},"modified":"2019-02-18T16:54:20","modified_gmt":"2019-02-18T15:54:20","slug":"rundschreiben-22013","status":"publish","type":"post","link":"https:\/\/www.frankfurter-malerei.de\/?p=751","title":{"rendered":"Rundschreiben 2\/2013"},"content":{"rendered":"<p>Neu Isenburg, den 8. Juli 2013 Sehr geehrte Damen und Herren, liebe Kunstfreunde,<br \/>\nkurz vor unserer Sommerpause m\u00f6chten wir noch einige Termine bekannt geben,<br \/>\ndie f\u00fcr uns alle sehr wichtig sind.<\/p>\n<p>Unser geplanter Ausflug nach Sch\u00f6neck war am 5. Juli vorgesehen, wurde, wie schon an allen Interessenten telefonisch mitgeteilt, auf Wunsch einiger Teilnehmer, auf den 14. Juli verschoben.<\/p>\n<p>Das Schloss Sch\u00f6neck in 56154 Boppard-Windhausen in Rheinland Pfalz im Rhein-Hunsr\u00fcck-Kreis war ab 1910 der Sommersitz des K\u00fcnstlers Wilhelm Steinhausen (1846-1924).  Ab 1922 geh\u00f6rt  das Schloss Sch\u00f6neck zur Familienstiftung Steinhausen.<\/p>\n<p>Unser Treffpunkt ist auf dem Parkplatz des Schlosses am Sonntag, dem 14. Juli um 11:00 Uhr vorgesehen. Alles Weitere k\u00f6nnen Sie aus den beiliegenden Blatt entnehmen. Erfahrungsgem\u00e4\u00df sind unsere gemeinsamen Ausfl\u00fcge sehr lohnenswert. Eine wunderbare Gelegenheit f\u00fcr den Austausch untereinander, gleichzeitig auch eine gute Gelegenheit, uns neu oder besser kennen zu lernen und wir freuen uns \u00fcber Ihr zahlreiches Erscheinen.<\/p>\n<p>Am Mittwoch, dem 17. Juli 2013, wird sich die Museumsgruppe um 15:00 Uhr im Museum St\u00e4del zur Ausstellung Hans Thoma (1839-1924)\u201c Lieblingsmaler des deutschen Volkes\u201c, treffen.  Die F\u00fchrung durch die Ausstellung wird die Kunsthistorikerin Veronika Grundei \u00fcbernehmen. F\u00fcr die Unterst\u00fctzung und freundliche Begleitung des Projektes der Museumsgruppe danken wir  recht herzlich Herrn Helmut Reifschneider und Herrn Willi M\u00fcller.<br \/>\nMitglieder die auch an der Museumsgruppe interessiert sind und eine separate Einladung bekommen m\u00f6chten, werden gebeten, sich unter der Nummer (06102-26223) zu melden.<\/p>\n<p>Unsere n\u00e4chste Gesamtvorstandssitzung findet am Dienstag, dem 24. September 2013, um 16:00 Uhr im Cronstetten-Haus, Speicherstrasse 39, 60327 Frankfurt statt. Einladungen werden Mitte September allen Vorstandsmitglieder gesondert zugeschickt.<\/p>\n<p>Von 11. bis zum 14. Oktober 2013, wie schon angek\u00fcndigt,  ist eine viert\u00e4tige Reise nach Mailand geplant. (Das Programm ist beigef\u00fcgt).<\/p>\n<p>Die M\u00e4rchen der Br\u00fcder Jacob und Wilhelm Grimm geh\u00f6ren zu den bekanntesten Werken der deutschen Literatur. Mit ihrer ber\u00fchmten Sammlung der \u201eKinder- und Hausm\u00e4rchen&#8220; haben die Br\u00fcder Grimm Weltruhm erlangt. Zum Jubil\u00e4umsjahr Grimm 2013, wird am Dienstag, dem 15. Oktober Frau Dr. Eugenie B\u00f6rner  im Cronstetten-Haus einen  Vortrag \u00fcber \u201eDie Br\u00fcder Grimm, ein Leben f\u00fcr die deutsche Sprache&#8220; halten.<\/p>\n<p>Gerne m\u00f6chten wir Ihnen auch die Auktionstermine der Auktionsh\u00e4user D\u00f6britz und Arnold f\u00fcr den Monat September bekannt geben.<\/p>\n<p>Auktionshaus D\u00f6britz: (Tel: 069-287733), Braubachstr.10, 60311 Frankfurt<br \/>\n14.Hafen-Auktion am Samstag, dem 14. September 2013, Lindleystr. 1, 60314 Frankfurt<\/p>\n<p>Auktionshaus Arnold: (069-282779), Bleichstr. 440-42, 60313 Frankfurt<br \/>\nAlte Kunst und Antiquit\u00e4ten am Samstag, dem 7. September 2013<br \/>\nSchmuck, Juwelen, Uhren und M\u00fcnzen am Samstag, dem 21. September 2013.<\/p>\n<p>Im August werden wir die Mitgliedsbeitr\u00e4ge f\u00fcr das Jahr 2013 per Bankeinzug einziehen. Bitte geben Sie uns Ihre neue Bankverbindung bekannt, wenn sich Ihre Kontonummer oder Bankverbindung ge\u00e4ndert hat. Mitglieder ohne Bankeinzug erhalten ein Schreiben \u00fcber den f\u00e4lligen Beitrag.<\/p>\n<p>Wir w\u00fcnschen allen Mitgliedern eine sch\u00f6ne und erholsame Sommerzeit.<\/p>\n<p>Mit freundlichen Gr\u00fc\u00dfen<\/p>\n<p>Daria Bottero-Heller\t\t\t\t\t\t\tWilli M\u00fcller<br \/>\n1.Vorsitzende\t\t\t\t\t\t\t\t2. Vorsitzender<\/p>\n","protected":false},"excerpt":{"rendered":"<p>Neu Isenburg, den 8. Juli 2013 Sehr geehrte Damen und Herren, liebe Kunstfreunde, kurz vor unserer Sommerpause m\u00f6chten wir noch einige Termine bekannt geben, die f\u00fcr uns alle sehr wichtig sind. Unser geplanter Ausflug nach Sch\u00f6neck war am 5. Juli &hellip; <a href=\"https:\/\/www.frankfurter-malerei.de\/?p=751\">Weiterlesen <span class=\"meta-nav\">&rarr;<\/span><\/a><\/p>\n","protected":false},"author":2,"featured_media":0,"comment_status":"closed","ping_status":"open","sticky":false,"template":"","format":"standard","meta":{"rank_math_lock_modified_date":false,"footnotes":""},"categories":[24],"tags":[],"class_list":["post-751","post","type-post","status-publish","format-standard","hentry","category-rundschreiben-3-2018"],"_links":{"self":[{"href":"https:\/\/www.frankfurter-malerei.de\/index.php?rest_route=\/wp\/v2\/posts\/751","targetHints":{"allow":["GET"]}}],"collection":[{"href":"https:\/\/www.frankfurter-malerei.de\/index.php?rest_route=\/wp\/v2\/posts"}],"about":[{"href":"https:\/\/www.frankfurter-malerei.de\/index.php?rest_route=\/wp\/v2\/types\/post"}],"author":[{"embeddable":true,"href":"https:\/\/www.frankfurter-malerei.de\/index.php?rest_route=\/wp\/v2\/users\/2"}],"replies":[{"embeddable":true,"href":"https:\/\/www.frankfurter-malerei.de\/index.php?rest_route=%2Fwp%2Fv2%2Fcomments&post=751"}],"version-history":[{"count":3,"href":"https:\/\/www.frankfurter-malerei.de\/index.php?rest_route=\/wp\/v2\/posts\/751\/revisions"}],"predecessor-version":[{"id":1235,"href":"https:\/\/www.frankfurter-malerei.de\/index.php?rest_route=\/wp\/v2\/posts\/751\/revisions\/1235"}],"wp:attachment":[{"href":"https:\/\/www.frankfurter-malerei.de\/index.php?rest_route=%2Fwp%2Fv2%2Fmedia&parent=751"}],"wp:term":[{"taxonomy":"category","embeddable":true,"href":"https:\/\/www.frankfurter-malerei.de\/index.php?rest_route=%2Fwp%2Fv2%2Fcategories&post=751"},{"taxonomy":"post_tag","embeddable":true,"href":"https:\/\/www.frankfurter-malerei.de\/index.php?rest_route=%2Fwp%2Fv2%2Ftags&post=751"}],"curies":[{"name":"wp","href":"https:\/\/api.w.org\/{rel}","templated":true}]}}