{"id":768,"date":"2013-10-06T16:17:11","date_gmt":"2013-10-06T15:17:11","guid":{"rendered":"http:\/\/www.frankfurter-malerei.de\/?p=768"},"modified":"2019-02-18T16:53:34","modified_gmt":"2019-02-18T15:53:34","slug":"rundschreiben-32013","status":"publish","type":"post","link":"https:\/\/www.frankfurter-malerei.de\/?p=768","title":{"rendered":"Rundschreiben 3\/2013"},"content":{"rendered":"<p>Neu Isenburg, den 5. Oktober 2013<br \/>\nSehr geehrte Damen und Herren, liebe Kunstfreunde,<br \/>\nlangsam nehmen wir Abschied von der Sommerzeit  und unser Herbstprogramm hat schon mit unserer Gesamtvorstandssitzung am 24.September 2013 begonnen. W\u00e4hrend dieser Sitzung  wurde, insbesondere der Vorschlag von Herrn Willi M\u00fcller eine neue Verwaltungssoftware anzuschaffen, von allen Sitzungsteilnehmern begr\u00fc\u00dft.<\/p>\n<p>Unsere Exkursion nach Mailand wird, wie schon angek\u00fcndigt von 11. bis 14. Oktober 2013 stattfinden. Wir w\u00fcnschen allen Teilnehmern eine wundersch\u00f6ne Zeit.<\/p>\n<p>Die Sprachforschung der Br\u00fcder Grimm ist ebenso bedeutende wir Ihre Kinder- und<br \/>\nHausm\u00e4rchen. Zu diesem Thema wird am Dienstag, dem 15. Oktober 2013 um 19.00 Uhr Frau Dr. Eugenie B\u00f6rner einen Vortrag \u201eDie Br\u00fcder Grimm, ein Leben f\u00fcr die deutsche Sprache\u201c halten (Eine Einladung ist beigef\u00fcgt).<br \/>\nDer Vortrag findet im Cronstetten-Haus, Speicherstra\u00dfe 39-47 Frankfurt statt.<br \/>\nIm Anschluss an diesem Vortrag ist ein gemeinsamer Umtrunk vorgesehen. Wir freuen uns, Sie dort zahlreich begr\u00fc\u00dfen zu d\u00fcrfen.<br \/>\nAm Dienstag, dem 29. Oktober 2013  wird sich die Museumsgruppe um im St\u00e4del Museum zur Ausstellung  \u201eAlbrecht D\u00fcrer (1471-1528). Seine Kunst im Kontext ihrer Zeit \u201etreffen.  Die F\u00fchrung durch die Ausstellung wird eine  Kunsthistorikerin des St\u00e4del \u00fcbernehmen. Geplant sind auch in den Monaten November und Dezember eine Besuch der Ausstellung  \u201eG\u00e8ricault 1791-1824). Bilder auf Leben und Tod \u201e  in der Schirn Kunsthalle Frankfurt und  die Ausstellung \u201ePhilip Franck (1861-1944) und die Berliner Sezession von May Liebermann und Lesser Ury\u201c in dem  Museum Kronberger Malerkolonie in Kronberg.. Dazu werden die Mitglieder der Museumgruppe  in K\u00fcrze eine separate Einladung erhalten.<br \/>\nSeite 2<\/p>\n<p>Ende November, Anfang Dezember ist eine Ausstellung des Max Beckmanns Sch\u00fcler Alfred Nungesser (1903-1983)  zum drei\u00dfigsten Todestag im Liegenschaftsamt Frankfurt vorgesehen.  Wir suchen noch Bilder oder Zeichnungen des K\u00fcnstlers.  Wenn Sie welche besitzen und zur Ausstellung ausleihen m\u00f6chten, melden Sie sich bitte unter folgenden Telefonnummer  (06102- 26223). Die Bilder sind w\u00e4hrend der Ausstellung,  voraussichtlich bis 20. Dezember 2013, versichert  und werden \u00fcberwacht<br \/>\nDen genauen Termin erhalten Sie mit separater Einladung zugesendet.<\/p>\n<p>Auch in diesem Jahr d\u00fcrfen wir Sie, Ihre Familie und Bekannte sehr herzlich zu unserer Adventsfeier ins Cronstetten-Haus &#8211; Speicherstrasse 39 &#8211; 47, einladen. Vorgesehen ist dieses Jahr  ein Konzert f\u00fcr Bratsche und Klavier. Die Feier beginnt am Sonntag, dem 1. Dezember 2013 um 15:00 Uhr.<\/p>\n<p>Der Kunsthistoriker Herr Tristan Lorenz,  ein neues Mitglied, hat in der Fahrgasse, 17, 60311 Frankfurt , Tel 069-21006927, eine Galerie f\u00fcr zeitgen\u00f6ssische Kunst er\u00f6ffnet. Gezeigt werden bis zum 10. November  2013 Arbeiten von\u201eTANJA MARIA ERNST &#8211; songs of freedom \u201e, eine Gro\u00dfnichte von Max Ernst.<\/p>\n<p>Gerne m\u00f6chten wir Ihnen die Auktionstermine der Auktionsh\u00e4user D\u00f6britz und Arnold f\u00fcr den Monat November und Dezember bekannt geben.<\/p>\n<p>Auktionshaus D\u00f6britz: (Tel:069-287733), Braubachstrasse10, 60311 Frankfurt,<br \/>\nAuktion am Samstag, dem 9.  November  2013.<\/p>\n<p>Auktionshaus Arnold: (069-282779), Bleichstrasse. 440-42, 60313 Frankfurt<br \/>\nAlte Kunst und Antiquit\u00e4ten am Samstag, dem 16. November 2013<br \/>\nModerne und zeitgen\u00f6ssische Kunst, am Samstag, dem 23. November 2013<br \/>\nSchmuck, Juwelen, Uhren und M\u00fcnzen am Samstag, dem 7. Dezember 2013.<\/p>\n<p>Wir freuen uns Sie bald bei unseren Veranstaltungen begr\u00fc\u00dfen zu k\u00f6nnen.<\/p>\n<p>Mit freundlichen Gr\u00fc\u00dfen<\/p>\n<p>Daria Bottero-Heller\t\t\t\t\t\t\t\tWilli M\u00fcller<\/p>\n","protected":false},"excerpt":{"rendered":"<p>Neu Isenburg, den 5. Oktober 2013 Sehr geehrte Damen und Herren, liebe Kunstfreunde, langsam nehmen wir Abschied von der Sommerzeit und unser Herbstprogramm hat schon mit unserer Gesamtvorstandssitzung am 24.September 2013 begonnen. W\u00e4hrend dieser Sitzung wurde, insbesondere der Vorschlag von &hellip; <a href=\"https:\/\/www.frankfurter-malerei.de\/?p=768\">Weiterlesen <span class=\"meta-nav\">&rarr;<\/span><\/a><\/p>\n","protected":false},"author":2,"featured_media":0,"comment_status":"closed","ping_status":"open","sticky":false,"template":"","format":"standard","meta":{"rank_math_lock_modified_date":false,"footnotes":""},"categories":[24],"tags":[],"class_list":["post-768","post","type-post","status-publish","format-standard","hentry","category-rundschreiben-3-2018"],"_links":{"self":[{"href":"https:\/\/www.frankfurter-malerei.de\/index.php?rest_route=\/wp\/v2\/posts\/768","targetHints":{"allow":["GET"]}}],"collection":[{"href":"https:\/\/www.frankfurter-malerei.de\/index.php?rest_route=\/wp\/v2\/posts"}],"about":[{"href":"https:\/\/www.frankfurter-malerei.de\/index.php?rest_route=\/wp\/v2\/types\/post"}],"author":[{"embeddable":true,"href":"https:\/\/www.frankfurter-malerei.de\/index.php?rest_route=\/wp\/v2\/users\/2"}],"replies":[{"embeddable":true,"href":"https:\/\/www.frankfurter-malerei.de\/index.php?rest_route=%2Fwp%2Fv2%2Fcomments&post=768"}],"version-history":[{"count":4,"href":"https:\/\/www.frankfurter-malerei.de\/index.php?rest_route=\/wp\/v2\/posts\/768\/revisions"}],"predecessor-version":[{"id":1234,"href":"https:\/\/www.frankfurter-malerei.de\/index.php?rest_route=\/wp\/v2\/posts\/768\/revisions\/1234"}],"wp:attachment":[{"href":"https:\/\/www.frankfurter-malerei.de\/index.php?rest_route=%2Fwp%2Fv2%2Fmedia&parent=768"}],"wp:term":[{"taxonomy":"category","embeddable":true,"href":"https:\/\/www.frankfurter-malerei.de\/index.php?rest_route=%2Fwp%2Fv2%2Fcategories&post=768"},{"taxonomy":"post_tag","embeddable":true,"href":"https:\/\/www.frankfurter-malerei.de\/index.php?rest_route=%2Fwp%2Fv2%2Ftags&post=768"}],"curies":[{"name":"wp","href":"https:\/\/api.w.org\/{rel}","templated":true}]}}