{"id":780,"date":"2014-02-28T20:14:59","date_gmt":"2014-02-28T19:14:59","guid":{"rendered":"http:\/\/www.frankfurter-malerei.de\/?p=780"},"modified":"2019-02-18T16:50:48","modified_gmt":"2019-02-18T15:50:48","slug":"rundschreiben-42013","status":"publish","type":"post","link":"https:\/\/www.frankfurter-malerei.de\/?p=780","title":{"rendered":"Rundschreiben 4\/2013"},"content":{"rendered":"<p>Neu Isenburg, den 19. Dezember 2013 Sehr geehrte Damen und Herren, liebe Kunstfreunde,<\/p>\n<p>am Ende des Jahres m\u00f6chten wir uns im Namen des Vorstandes bei Ihnen f\u00fcr Ihr Vertrauen herzlich bedanken.<br \/>\nZum ersten Mal konnten wir im Monat Okhttps:\/\/www.frankfurter-malerei.de\/wp-admin\/post-new.phptober mit Erfolg eine Exkursion ins Ausland unternehmen. In Mailand konnten wir nicht nur das letzte Abendmahl von Leonardo da Vinci im Speisesaal des Dominikanerklosters der Kirche St. Maria delle Grazie bewundern, sondern auch das neu er\u00f6ffnete Museum des 19. Jahrhunderts, die Mail\u00e4nder Scala und im Jubil\u00e4umsjahr von Verdi besuchten wir den Geburtsort Roncole in der N\u00e4he von Parma und Busseto.<br \/>\nDies war eine gro\u00dfe Bereicherung f\u00fcr die Gesellschaft, und wir hoffen, wir k\u00f6nnen<br \/>\nin Zukunft noch weitere St\u00e4dte, auch wieder im Ausland, besuchen. Erfahrungsgem\u00e4\u00df sind unsere gemeinsamen Ausfl\u00fcge sehr lohnenswert. Sie sind nicht nur eine wunderbare Erg\u00e4nzung zur Kunstgeschichte, sondern auch fruchtbar f\u00fcr den Austausch untereinander und gleichzeitig eine gute Gelegenheit, sich neu oder besser kennen zu lernen.<\/p>\n<p>Hier sind unsere wichtigsten Veranstaltungen in 2013 im R\u00fcckblick:<br \/>\nAm 11. Januar 2013 Ende der Ausstellung \u201eHanny Franke, Maler (1890-1973)\u201c in der Galerie im Kundenzentrum der Frankfurter Sparkasse.<br \/>\nAm 13. M\u00e4rz Besuch der Ausstellung im St\u00e4del \u201eSch\u00f6nheit und Revolution!\u201c<br \/>\nAm 16. M\u00e4rz j\u00e4hrliche Mitgliederversammlung im Cronstetten-Haus.<br \/>\nAm 15. April Besuch der Villa Bonn in Frankfurt mit Herrn Walter J. Lachner vom Denkmalschutz .<br \/>\nAm 24. April Besuch der Ausstellung im Liebighaus \u201eZur\u00fcck zur Klassik\u201c.<br \/>\nAm 7. Mai Vortrag von Dr. Robert Bock \u201eFritz B\u00f6hle, ein Frankfurter Maler, K\u00fcnstler und Bildhauer\u201c im Cronstetten-Haus.<br \/>\nAm 5. Juli Exkursion zum Schloss Sch\u00f6neck \u201eAuf den Spuren von Wilhelm Steinhausen\u201c.<\/p>\n<p>Am 17. Juli Besuch der Ausstellung im St\u00e4del \u201cHans Thoma (1839-1924), Lieblingsmaler des deutschen Volkes\u201c.<br \/>\nVom 11. bis zum 14. Oktober 2013 Reise nach Mailand.<\/p>\n<p>Am 15. Oktober Vortrag von Frau Dr. Eugenie B\u00f6rner \u201eDie Br\u00fcder Grimm. Ein Leben f\u00fcr die deutsche Sprache.&#8220;.<\/p>\n<p>Am 29 Oktober Besuch der Ausstellung im St\u00e4del \u201e Albrecht D\u00fcrer (1471-1528), Seine Kunst im Kontext ihrer Zeit.\u201c<br \/>\nAm 14. November Besuch der Ausstellung in der Schirn Kunsthalle \u201eGericault (1791-1824) Bilder auf Leben und Tod.\u201c.<br \/>\nAm 1. Dezember Adventsfeier mit Klavierkonzert und Bratsche im Cronstetten-Haus.<\/p>\n<p>Wie Sie feststellen k\u00f6nnen, haben wir ein sehr ausf\u00fchrliches Programm f\u00fcr Sie zusammengestellt, und wir freuen uns, dass unsere Veranstaltungen sehr gut besucht sind. Da unsere Gesellschaft keine oder nur geringe Geldreserven hat und essenziell von den Jahresbeitr\u00e4gen Ihrer Mitglieder lebt, wurde bei der Mitgliederversammlung im M\u00e4rz 2013 einstimmig beschlossen, ab 2014 den j\u00e4hrlichen Mitgliedsbeitrag von Einzelpersonen von 30.- auf 40.- Euro zu erh\u00f6hen, sowie die Beitr\u00e4ge f\u00fcr Studenten und Sch\u00fcler von 15.- auf 25.- Euro. Die Mitgliedsbeitr\u00e4ge f\u00fcr Ehepaare (50.- Euro) und Mitglieder des Freundeskreis (60.- Euro) bleiben unver\u00e4ndert.<br \/>\nWir sind auch f\u00fcr jede Spende, die unsere Arbeit f\u00f6rdert und unterst\u00fctzt sehr dankbar und f\u00fcgen zu diesem Zweck einen \u00dcberweisungsantrag bei. Auf Wunsch stellen wir Ihnen gerne eine Spendenbescheinigung aus.<\/p>\n<p>Im Folgenden m\u00f6chten wir Sie auf drei Ausstellungen aufmerksam machen:<\/p>\n<p>In den R\u00e4umen der Galerie Joseph Fach, Am Weingarten 7, 60487 Frankfurt ist die<br \/>\ninteressante Ausstellung \u201eFrankfurter Maler\u201c bis 22. Dezember 2013 und dann ab dem 19. Januar 2014 wieder zu sehen.<\/p>\n<p>Unser Mitglied, der K\u00fcnstler und Kunstp\u00e4dagoge Johannes Westenberger M.A., zeigt im Nachbarschaftszentrum Ostend, Uhlandstra\u00dfe 50, 60314 Frankfurt, seine Ausstellung \u201eLandschaft. Zeichnungen und Aquarelle\u201c. Sie k\u00f6nnen die Ausstellung bis zum 15. M\u00e4rz 2014 besuchen, die \u00d6ffnungszeiten sind Mo., Mi., Fr. 10.00-13.00 Uhr, Di. und Do. 14.00-17.30 Uhr und nach Vereinbarung.<\/p>\n<p>Im Altk\u00f6nig-Stift in Kronberg ist bis zum 10. Januar 2014 die Ausstellung von unserem Mitglied Frau Waltraud M\u00fcller zu sehen.<\/p>\n<p>Wir hoffen, dass wir gemeinsam mit Ihnen auch in den n\u00e4chsten Jahren das Vereinsleben noch aktiver und attraktiver gestalten k\u00f6nnen.<br \/>\nWir w\u00fcnschen Ihnen und Ihrer Familie ein sch\u00f6nes und besinnliches Weihnachtsfest, einen guten Rutsch ins neue Jahr, viel Gl\u00fcck und vor allem Gesundheit.<\/p>\n<p>Daria Bottero-Heller<br \/>\n1. Vorsitzende<\/p>\n","protected":false},"excerpt":{"rendered":"<p>Neu Isenburg, den 19. Dezember 2013 Sehr geehrte Damen und Herren, liebe Kunstfreunde, am Ende des Jahres m\u00f6chten wir uns im Namen des Vorstandes bei Ihnen f\u00fcr Ihr Vertrauen herzlich bedanken. Zum ersten Mal konnten wir im Monat Okhttps:\/\/www.frankfurter-malerei.de\/wp-admin\/post-new.phptober mit &hellip; <a href=\"https:\/\/www.frankfurter-malerei.de\/?p=780\">Weiterlesen <span class=\"meta-nav\">&rarr;<\/span><\/a><\/p>\n","protected":false},"author":2,"featured_media":0,"comment_status":"closed","ping_status":"open","sticky":false,"template":"","format":"standard","meta":{"rank_math_lock_modified_date":false,"footnotes":""},"categories":[24],"tags":[],"class_list":["post-780","post","type-post","status-publish","format-standard","hentry","category-rundschreiben-3-2018"],"_links":{"self":[{"href":"https:\/\/www.frankfurter-malerei.de\/index.php?rest_route=\/wp\/v2\/posts\/780","targetHints":{"allow":["GET"]}}],"collection":[{"href":"https:\/\/www.frankfurter-malerei.de\/index.php?rest_route=\/wp\/v2\/posts"}],"about":[{"href":"https:\/\/www.frankfurter-malerei.de\/index.php?rest_route=\/wp\/v2\/types\/post"}],"author":[{"embeddable":true,"href":"https:\/\/www.frankfurter-malerei.de\/index.php?rest_route=\/wp\/v2\/users\/2"}],"replies":[{"embeddable":true,"href":"https:\/\/www.frankfurter-malerei.de\/index.php?rest_route=%2Fwp%2Fv2%2Fcomments&post=780"}],"version-history":[{"count":3,"href":"https:\/\/www.frankfurter-malerei.de\/index.php?rest_route=\/wp\/v2\/posts\/780\/revisions"}],"predecessor-version":[{"id":1231,"href":"https:\/\/www.frankfurter-malerei.de\/index.php?rest_route=\/wp\/v2\/posts\/780\/revisions\/1231"}],"wp:attachment":[{"href":"https:\/\/www.frankfurter-malerei.de\/index.php?rest_route=%2Fwp%2Fv2%2Fmedia&parent=780"}],"wp:term":[{"taxonomy":"category","embeddable":true,"href":"https:\/\/www.frankfurter-malerei.de\/index.php?rest_route=%2Fwp%2Fv2%2Fcategories&post=780"},{"taxonomy":"post_tag","embeddable":true,"href":"https:\/\/www.frankfurter-malerei.de\/index.php?rest_route=%2Fwp%2Fv2%2Ftags&post=780"}],"curies":[{"name":"wp","href":"https:\/\/api.w.org\/{rel}","templated":true}]}}