{"id":785,"date":"2014-02-28T20:21:44","date_gmt":"2014-02-28T19:21:44","guid":{"rendered":"http:\/\/www.frankfurter-malerei.de\/?p=785"},"modified":"2018-12-21T12:52:27","modified_gmt":"2018-12-21T11:52:27","slug":"rundschreiben-12014","status":"publish","type":"post","link":"https:\/\/www.frankfurter-malerei.de\/?p=785","title":{"rendered":"Rundschreiben 1\/2014"},"content":{"rendered":"<p>Neu Isenburg, den 1. M\u00e4rz 2014 Sehr geehrte Damen und Herren,liebe Kunstfreunde,<\/p>\n<p>leider m\u00fcssen wir unser erstes Rundschreiben 2014 mit zwei traurigen Nachrichten beginnen. Am 30. Januar 2014 ist Frau Christa Richter nach langer und schwerer Krankheit verstorben. Sie war Mitglied des Vorstandes und sie hat f\u00fcr viele Jahre regelm\u00e4\u00dfig unsere Ausstellungen und Veranstaltungen begleitet und unterst\u00fctzt. Ihre Hilfsbereitschaft und Bescheidenheit wird uns noch lange unvergesslich bleiben.<br \/>\nWir bedauern auch den Tod von Herrn Dr. Reinhold Schmitt-Thomas. Er war nicht nur seit vielen Jahren in unserer Gesellschaft Mitglied des Freundeskreises sondern war er auch Gr\u00fcnder des Archivs der Frankfurter K\u00fcnstler, und er hat sich unerm\u00fcdlich f\u00fcr die Frankfurter Kunst engagiert. Unseres tiefes Mitgef\u00fchl und Beileid gilt den betroffenen Familien.<\/p>\n<p>Herzlichen Dank an alle Mitgliedern, die wieder unsere Arbeit mit einer Spende gew\u00fcrdigt haben. Wir sind f\u00fcr diese gro\u00dfe Unterst\u00fctzung sehr dankbar und wir werden alles daran setzen um Ihre W\u00fcnsche umzusetzen und Sie zufriedenzustellen.<\/p>\n<p>Als neue Mitglieder m\u00f6chten wir Herr und Frau Bohn, Frau Christiane Kostarellos, Frau Inge Heist, Frau Cornelia Picard, Herr Alfred W\u00f6lfer, Herr Tarcisio Povigna und Herrn Daniel Cadilhac, ein ber\u00fchmter K\u00fcnstler aus Frankreich, herzlich willkommen hei\u00dfen.<\/p>\n<p>Unsere diesj\u00e4hrige Mitgliederversammlung, findet am Mittwoch, dem 19. M\u00e4rz 2014 um 16:00 Uhr im Cronstetten-Haus, Speicherstrasse 39-47 statt. Eine Einladung ist beigef\u00fcgt.<\/p>\n<p>Am 15. April werden wir mit Herrn Walter Lachner, Deutsche Stiftung Denkmalschutz, das I.G.-Farben-Haus, auch bekannt als \u2018Poelzig-Bau\u2019 besuchen. Dieses Geb\u00e4ude wurde von Hans Poelzig entworfen und als Zentralverwaltung f\u00fcr die I.G.-Farben von 1928 bis 1931 errichtet. Seit 2001 ist es ein Teil der Johann Wolfgang Goethe-Universit\u00e4t Frankfurt. Im Jahre 2009 wurde es in Poelzig-Bau umbenannt. Treffpunkt ist um 15:00 Uhr, Gr\u00fcneburgweg 1, Bushaltestelle gegen\u00fcber dem Poelzig-Haus. Aus organisatorischen Gr\u00fcnden bitten wir um Anmeldung unter der Telefonnummer 06102-26223.<\/p>\n<p>Auch in diesem Jahr planen wir einen Ausflug auf den Spuren eines ber\u00fchmten Malers. Wir werden uns auf die Spuren von Max Slevogt (1868 \u2013 1932), einem Mitbegr\u00fcnder der Berliner Sezession, begeben und diese Exkursion mit einem Besuch der Ausstellung \u201cMax Slevogt, neue Wege des Impressionismus\u201d im Landesmuseum Mainz verbinden. Nach dem Ausstellungsbesuch werden wir die Villa Ludwigsh\u00f6he in der N\u00e4he von Edenkoben in Rheinland-Pfalz mit eigenen PKWs erreichen. Der Termin ist f\u00fcr den 18. Mai 2014 vorgesehen. Wir m\u00f6chten alle Interessenten freundlich bitten, sich bei uns per e-Mail (daria.heller@gmx.de) oder telefonisch (06102-26223) zu melden.<\/p>\n<p>Am Dienstag, dem 27.Mai 2014, um 19:30 Uhr, im Cronstetten-Haus, wird unser Mitglied, der Kunsthistoriker und Galerist Herr Tristan Lorenz. einen Vortrag \u00fcber die Frankfurter Kunst im 18. Jahrhundert halten. Dieser Vortrag wird der erste von einer Vortragsreihe sein, der die Stellung der Frankfurter Kunst gegen\u00fcber anderen St\u00e4dten er\u00f6rtern soll.<br \/>\nEinladungen werden gesondert zu gesendet<\/p>\n<p>Vom 12. bis 15. September 2014 planen wir eine Exkursion nach Paris mit Tagesausflug nach Versailles. Interessenten k\u00f6nnen sich bis zum 31. M\u00e4rz unter der Telefonnummer 06102-26223 anmelden.<\/p>\n<p>Am 14. M\u00e4rz um 18:00 Uhr, wird die Ausstellung \u201eBilder der Stille\u201c von unserem Mitglied Herr Klaus Kappel in den R\u00e4umen der Kunsthandlung J. P, Schneider jr, Rossmarkt 23, Frankfurt er\u00f6ffnet. Die Ausstellung ist bis zum 5. April 2014. zu sehen. \u00d6ffnungszeiten: Montag bis Freitag 10:00 bis 18:00 Uhr, Samstag 10:00 bis 13:00 Uhr.<\/p>\n<p>Einen weiteren Termin, die Sie nicht verpassen sollten ist am 22. M\u00e4rz um 11:Uhr. Frau Cornelia Picard, unser neues Mitglied, wird im Haus Nidda, Harheimer Weg, 18-22, den<br \/>\nFrankfurter K\u00fcnstler Friedrich Fauldraht (1886-1965) aus Bonames vorstellen.<\/p>\n<p>Gerne m\u00f6chten wir Ihnen auch die Auktionstermine der Auktionsh\u00e4user D\u00f6britz und Arnold f\u00fcr den Monat M\u00e4rz bis Juni bekannt geben.<\/p>\n<p>Auktionshaus D\u00f6britz: (Tel: 069-287733), Braubachstr.10, 60311 Frankfurt<br \/>\n178. Kunstauktion am Samstag 08. M\u00e4rz 2014<br \/>\n179. Kunstauktion am Samstag 14. Juni 2014<br \/>\n15. Hafenauktion am Samstag 24. M\u00e4rz 2014 Lindleystr. 1, 60314 Frankfurt<\/p>\n<p>Auktionshaus Arnold: (069-282779), Bleichstr. 440-42, 60313 Frankfurt<br \/>\nSchmuck, Juwelen, Uhren und M\u00fcnzen, am Samstag 15. M\u00e4rz, 2014<br \/>\nAlte Kunst und Antiquit\u00e4ten am Samstag, dem 5. April 2014<br \/>\nSchmuck, Juwelen, Uhren und M\u00fcnzen am Samstag, 14. Juni 2014.<br \/>\nWir m\u00f6chten uns bei allen Mitgliedern sehr herzlich f\u00fcr die Unterst\u00fctzung und das Interesse an der Gesellschaft bedanken.<br \/>\nMit freundlichen Gr\u00fc\u00dfen<br \/>\nDaria Bottero-Heller<br \/>\n1. Vorsitzende<\/p>\n","protected":false},"excerpt":{"rendered":"<p>Neu Isenburg, den 1. M\u00e4rz 2014 Sehr geehrte Damen und Herren,liebe Kunstfreunde, leider m\u00fcssen wir unser erstes Rundschreiben 2014 mit zwei traurigen Nachrichten beginnen. Am 30. Januar 2014 ist Frau Christa Richter nach langer und schwerer Krankheit verstorben. Sie war &hellip; <a href=\"https:\/\/www.frankfurter-malerei.de\/?p=785\">Weiterlesen <span class=\"meta-nav\">&rarr;<\/span><\/a><\/p>\n","protected":false},"author":2,"featured_media":0,"comment_status":"closed","ping_status":"open","sticky":false,"template":"","format":"standard","meta":{"rank_math_lock_modified_date":false,"footnotes":""},"categories":[24],"tags":[],"class_list":["post-785","post","type-post","status-publish","format-standard","hentry","category-rundschreiben-3-2018"],"_links":{"self":[{"href":"https:\/\/www.frankfurter-malerei.de\/index.php?rest_route=\/wp\/v2\/posts\/785","targetHints":{"allow":["GET"]}}],"collection":[{"href":"https:\/\/www.frankfurter-malerei.de\/index.php?rest_route=\/wp\/v2\/posts"}],"about":[{"href":"https:\/\/www.frankfurter-malerei.de\/index.php?rest_route=\/wp\/v2\/types\/post"}],"author":[{"embeddable":true,"href":"https:\/\/www.frankfurter-malerei.de\/index.php?rest_route=\/wp\/v2\/users\/2"}],"replies":[{"embeddable":true,"href":"https:\/\/www.frankfurter-malerei.de\/index.php?rest_route=%2Fwp%2Fv2%2Fcomments&post=785"}],"version-history":[{"count":5,"href":"https:\/\/www.frankfurter-malerei.de\/index.php?rest_route=\/wp\/v2\/posts\/785\/revisions"}],"predecessor-version":[{"id":1200,"href":"https:\/\/www.frankfurter-malerei.de\/index.php?rest_route=\/wp\/v2\/posts\/785\/revisions\/1200"}],"wp:attachment":[{"href":"https:\/\/www.frankfurter-malerei.de\/index.php?rest_route=%2Fwp%2Fv2%2Fmedia&parent=785"}],"wp:term":[{"taxonomy":"category","embeddable":true,"href":"https:\/\/www.frankfurter-malerei.de\/index.php?rest_route=%2Fwp%2Fv2%2Fcategories&post=785"},{"taxonomy":"post_tag","embeddable":true,"href":"https:\/\/www.frankfurter-malerei.de\/index.php?rest_route=%2Fwp%2Fv2%2Ftags&post=785"}],"curies":[{"name":"wp","href":"https:\/\/api.w.org\/{rel}","templated":true}]}}