{"id":800,"date":"2014-09-08T11:24:29","date_gmt":"2014-09-08T10:24:29","guid":{"rendered":"http:\/\/www.frankfurter-malerei.de\/?p=800"},"modified":"2019-02-18T16:51:40","modified_gmt":"2019-02-18T15:51:40","slug":"rundschreiben-22014","status":"publish","type":"post","link":"https:\/\/www.frankfurter-malerei.de\/?p=800","title":{"rendered":"Rundschreiben 2\/2014"},"content":{"rendered":"<p>Neu-Isenburg den 28. Juli 2014<br \/>\nSehr geehrte Damen und Herren,<br \/>\nliebe Kunstfreunde,<br \/>\nin tiefer Betroffenheit haben wir vom Tode unseres langj\u00e4hrigen und gesch\u00e4tzten Ehrenmitglieds Prof. Dr. Dr. Gerhard Eimer erfahren. Er starb nach langer Krankheit am 7. M\u00e4rz 2014 auf R\u00fcgen, kurz vor Vollendung seines 86. Lebensjahres.<br \/>\n1973 wurde Gerhard Eimer als Nachfolger von Harald Keller nach Frankfurt ins Kunstgeschichtliche Institut der Goethe-Universit\u00e4t berufen und hat mehr als zwanzig Jahre an dieser Universit\u00e4t gelehrt.<br \/>\nNeben der italienischen und schwedischen Architektur von der Romantik bis zum Barock, neben der sp\u00e4tgotischen Altarkunst und der deutschen Romantik, galt sein Interesse auch der Denkmalpflege und der Frankfurter Kunst.<br \/>\nEr konnte Studierende zur Mitarbeit motivieren, und er hat mit unserer Gesellschaft die Arbeitsgruppe zur Forschung der Frankfurter Malerei gegr\u00fcndet und geleitet. Mit dieser Forschungsgruppe \u00fcber die Frankfurter Malerei des 19. und 20. Jahrhunderts sind mehrere Dissertationen entstanden, die f\u00fcr die Frankfurter Kunst von gr\u00f6\u00dfter Bedeutung sind. Wir bedauern diesen Verlust zutiefst und sprechen seiner Familie unser tiefstes Mitgef\u00fchl aus. Als herausragenden Forscher und engagierten Lehrer werden wir sein Andenken dankbar in Ehren halten.<\/p>\n<p>Wie schon angek\u00fcndigt, ist vom 12. bis zum 15. September 2014 eine viert\u00e4gige Reise nach Paris geplant. (Das Programm ist beigef\u00fcgt). F\u00fcr Kurzentschlossene sind noch einige Pl\u00e4tze frei. Interessenten k\u00f6nnen sich ab sofort unter der Telefonnummer 06102-26223 anmelden.<\/p>\n<p>Unsere Gesamtvorstandssitzung wird am 24. September 2014, um 16:00 Uhr im Cronstetten-Haus, Speicherstra\u00dfe 39, 60327 Frankfurt stattfinden. Einladungen werden Mitte September an alle Vorstandsmitglieder gesondert zugesandt.<\/p>\n<p>Als Anerkennung f\u00fcr die Stadt K\u00f6nigstein, die f\u00fcr die K\u00fcnstler der Gesellschaft oft ihre R\u00e4ume im Rathaus zur Verf\u00fcgung gestellt hat, ist im Jahre 2015 f\u00fcr alle K\u00fcnstlerinnen und K\u00fcnstler der Gesellschaft eine gemeinsame Ausstellung vorgesehen. Das Thema der Ausstellung wird \u201eK\u00f6nigstein\u201c sein und der genaue Termin wird Ende Juli nacheinem Gespr\u00e4ch mit dem B\u00fcrgermeister Leonhard Helm festgelegt. Wir freuen uns, dass unser Mitglied Herr Alfred W\u00f6lfer die Ausstellung organisieren wird. Daf\u00fcr m\u00f6chten wir ihm herzlich danken.<\/p>\n<p>Mit dem Vortrag des Kunsthistorikers und Galeristen, Herr Markus Tristan, hat unsere Reihe von Berichten \u00fcber die Frankfurter Kunst angefangen.<br \/>\nSein erfolgreicher Vortrag \u201eBetrachtung zur speziellen Situation k\u00fcnstlerischen Schaffens in der Freien Reichsstadt Frankfurt am Main\u201c, der auch Thema seiner Magisterarbeit war, ist der erste einer langen Reihe von Vortr\u00e4gen, die wir einem breiten Publikum vorstellen m\u00f6chten. In dieser Vortragsreihe soll die Stellung der Kunst in Frankfurt aus verschiedenen Epochen gegen\u00fcber anderen St\u00e4dten er\u00f6rtert und dargelegt werden.<\/p>\n<p>Am 21. Oktober 2014 werden wir wieder im Cronstetten-Haus unsere Reihe fortsetzen mit dem Vortrag einer Mitarbeiterin des St\u00e4del Museums, Frau Mait\u00e8 Schenten, eine Kunsthistorikerin aus Luxemburg, die \u00fcber private Sammlungen des 18. Jahrhunderts in Frankfurt berichten wird. Sicher wird dies wieder ein spannender Vortrag, den sie nicht vers\u00e4umen sollten. Einladungen hierzu werden im Oktober gesondert zugeschickt.<\/p>\n<p>Wir m\u00f6chten Sie auf eine Ausstellung der besonderen Art aufmerksam machen. In der Region-Midi-Pyren\u00e8es in S\u00fcdfrankreich in der N\u00e4he von Tarn et Garonne, in einer wundersch\u00f6nen alten Kirche (Abbaye de Beaulieu), kann man die Ausstellung \u201eTraits\u2026\u2026tr\u00e8s noir \u201e besuchen. Diese Ausstellung ist Karl Otto G\u00f6tz zum 100. Geburtstag gewidmet. Zu sehen sind aber auch unter anderem Werke von Jean Dubuffet, Hans Hartung und Asger Jorn. Diese Pr\u00e4sentation wurde von zwei K\u00fcnstlern der Gesellschaft, Frau Rita B\u00e4r und Herrn Daniel Cadilhac in Zusammenarbeit mit der Galerie Uwe Opper, Kronberg Taunus, und der Association Abbaye de Beaulieu, Centre d`Art in Frankreich, organisiert.<br \/>\nhttp:\/\/art-beaulieu-rouergue.com\/<br \/>\nSollten Sie zuf\u00e4llig in der N\u00e4he Ihren Urlaub verbringen, sind Sie herzlich eingeladen, die Ausstellung zu besuchen. Die Ausstellung wurde am 10. Juli 2014 er\u00f6ffnet und ist bis zum 5. Oktober 2014 zu sehen. Die \u00d6ffnungszeiten sind t\u00e4glich von 10.30 bis 12.30 Uhr und von 14.30 bis 18.30 Uhr. Im September bleibt die Galerie am Dienstag geschlossen. Telefon: 0033(0) 5632 46000.<\/p>\n<p>Gerne m\u00f6chten wir Ihnen wieder die Termine der Auktionsh\u00e4user D\u00f6britz und Arnold f\u00fcr den Monat September bekannt geben:<br \/>\nAuktionshaus D\u00f6britz: (Tel: 069-287733), Braubachstr.10, 60311 Frankfurt<br \/>\n16. Hafenauktion am Samstag, 20. September 2014, Lindleystr. 1, 60314 Frankfurt<br \/>\nBetriebsferien vom 26.07. bis 17.08.2014<br \/>\nAuktionshaus Arnold: (069-282779), Bleichstr. 40-42, 60313 Frankfurt<br \/>\nSchmuck, Juwelen, Uhren und M\u00fcnzen, am Samstag, 27.September 2014.,<br \/>\nVorbesichtigung: Freitag, 26.9. von 10-20 Uhr Samstag, 27.9. ab 8:00 Uhr.<\/p>\n<p>Diejenigen Mitglieder, die kein Einzugsverfahren haben und den Jahresbeitrag 2013 und oder 2014 noch nicht entrichtet haben, bitten wir, um baldige \u00dcberweisung. Sicher kann es mal passieren, dass man das Bezahlen vergisst, aber die Gesellschaft hat keine Geldreserven und lebt essenziell von den Jahresbeitr\u00e4gen ihrer Mitglieder. Die Mitgliedsbeitr\u00e4ge sind am Anfang eines jeden Jahres f\u00e4llig, und wir w\u00fcrden uns sehr freuen, wenn wir auf unangenehme Zahlungserinnerungen verzichten k\u00f6nnten.<br \/>\nSEPA  DE14500100600165133602<\/p>\n<p>Wir w\u00fcnschen allen Mitgliedern eine sch\u00f6ne und erholsame Sommerzeit.<\/p>\n<p>Mit freundlichen Gr\u00fc\u00dfen<br \/>\nDaria Bottero-Heller \t\t\t\t\t\t\t\tWilli M\u00fcller<br \/>\n1.Vorsitzende \t\t\t\t\t\t\t\t\t2. Vorsitzender<\/p>\n","protected":false},"excerpt":{"rendered":"<p>Neu-Isenburg den 28. Juli 2014 Sehr geehrte Damen und Herren, liebe Kunstfreunde, in tiefer Betroffenheit haben wir vom Tode unseres langj\u00e4hrigen und gesch\u00e4tzten Ehrenmitglieds Prof. Dr. Dr. Gerhard Eimer erfahren. Er starb nach langer Krankheit am 7. M\u00e4rz 2014 auf &hellip; <a href=\"https:\/\/www.frankfurter-malerei.de\/?p=800\">Weiterlesen <span class=\"meta-nav\">&rarr;<\/span><\/a><\/p>\n","protected":false},"author":2,"featured_media":0,"comment_status":"closed","ping_status":"open","sticky":false,"template":"","format":"standard","meta":{"rank_math_lock_modified_date":false,"footnotes":""},"categories":[24],"tags":[],"class_list":["post-800","post","type-post","status-publish","format-standard","hentry","category-rundschreiben-3-2018"],"_links":{"self":[{"href":"https:\/\/www.frankfurter-malerei.de\/index.php?rest_route=\/wp\/v2\/posts\/800","targetHints":{"allow":["GET"]}}],"collection":[{"href":"https:\/\/www.frankfurter-malerei.de\/index.php?rest_route=\/wp\/v2\/posts"}],"about":[{"href":"https:\/\/www.frankfurter-malerei.de\/index.php?rest_route=\/wp\/v2\/types\/post"}],"author":[{"embeddable":true,"href":"https:\/\/www.frankfurter-malerei.de\/index.php?rest_route=\/wp\/v2\/users\/2"}],"replies":[{"embeddable":true,"href":"https:\/\/www.frankfurter-malerei.de\/index.php?rest_route=%2Fwp%2Fv2%2Fcomments&post=800"}],"version-history":[{"count":3,"href":"https:\/\/www.frankfurter-malerei.de\/index.php?rest_route=\/wp\/v2\/posts\/800\/revisions"}],"predecessor-version":[{"id":1232,"href":"https:\/\/www.frankfurter-malerei.de\/index.php?rest_route=\/wp\/v2\/posts\/800\/revisions\/1232"}],"wp:attachment":[{"href":"https:\/\/www.frankfurter-malerei.de\/index.php?rest_route=%2Fwp%2Fv2%2Fmedia&parent=800"}],"wp:term":[{"taxonomy":"category","embeddable":true,"href":"https:\/\/www.frankfurter-malerei.de\/index.php?rest_route=%2Fwp%2Fv2%2Fcategories&post=800"},{"taxonomy":"post_tag","embeddable":true,"href":"https:\/\/www.frankfurter-malerei.de\/index.php?rest_route=%2Fwp%2Fv2%2Ftags&post=800"}],"curies":[{"name":"wp","href":"https:\/\/api.w.org\/{rel}","templated":true}]}}