{"id":815,"date":"2015-01-18T11:23:52","date_gmt":"2015-01-18T10:23:52","guid":{"rendered":"http:\/\/www.frankfurter-malerei.de\/?p=815"},"modified":"2019-02-18T16:49:04","modified_gmt":"2019-02-18T15:49:04","slug":"rundschreiben-42014","status":"publish","type":"post","link":"https:\/\/www.frankfurter-malerei.de\/?p=815","title":{"rendered":"Rundschreiben 4\/2014"},"content":{"rendered":"<p>Sehr geehrte Damen und Herren,<br \/>\nliebe Kunstfreunde,<\/p>\n<p>bevor Sie in den wohlverdienten Weihnachtsurlaub gehen und sich der Familie und den Freunden widmen, m\u00f6chte ich Ihnen f\u00fcr Ihr Vertrauen und Ihre Mithilfe zum erfolgreichen Bestehen des Vereins danken.  Wir hoffen, dass wir gemeinsam mit Ihnen auch im n\u00e4chsten Jahr wieder ein aktives und attraktives Vereinsgeschehen gestalten werden.<br \/>\nHier sind \u2013 im R\u00fcckblick \u2013 unsere wichtigsten Veranstaltungen 2014:<br \/>\n\u2022\t21. Januar 2014, Gesamtvorstandsitzung.<br \/>\n\u2022\t19. M\u00e4rz 2014, Mitgliederversammlung.<br \/>\n\u2022\t14. April 2014, Besuch des I.G.- Farben Hauses oder Poelzig Bau mit<br \/>\nHerrn Walter Lachner, Deutsche Stiftung Denkmalschutz.<br \/>\n\u2022\t18. Mai 2014, Tagesexkursion \u201eAuf den Spuren von Max Slevogt\u201c<br \/>\n\u2022\t27. Mai 2014, 1. Vortrag aus der Reihe Frankfurter Kunst und K\u00fcnstler:<br \/>\n\u2022\t\u201eBetrachtung zur speziellen Situation k\u00fcnstlerischen Schaffens in der Freien Reichsstadt Frankfurt am Main\u201c von dem Kunsthistoriker und Galerist<br \/>\nHerrn  Markus Tristan Lorenz.<br \/>\n\u2022\t12. bis 14. September 2014, Exkursion nach Paris.<br \/>\n\u2022\t24. September 2014, Gesamtvorstandsitzung.<br \/>\n\u2022\t21. Oktober 2014, 2. Vortrag aus der Reihe Frankfurter Kunst und K\u00fcnstler:<br \/>\n\u201eVon Privatsammlungen zum \u00f6ffentlichen Museum; Frankfurter Malerei in der<br \/>\nGoethezeit\u201c , von der Kunsthistorikerin und Kuratorin Frau Mait\u00e8 Scenten.<br \/>\n\u2022\t20. November 2014, Adventsfeier im Cronstetten-Haus mit der koreanischen<br \/>\nPianistin Choi Soyun<\/p>\n<p>Museumsbesuche:<\/p>\n<p>\u2022\t19. Febr. 2014, Schirn Kunsthalle \u201eEsprit Montmartre,die Boh\u00e8me in Paris um 1900\u201c.<br \/>\n\u2022\t12. M\u00e4rz 2014 St\u00e4del Ausstellung \u201eRetrospektive  Emil Noldes\u201c.<br \/>\n\u2022\t9. April 2014 Museum Giersch \u201eDie andere Moderne\u201c.<br \/>\n\u2022\t7. Mai 2014, Museum Wiesbaden \u201e150 Jahre Alexei von Jawlensky (1864-1941)\u201c.<br \/>\n\u2022\t4. Juni 2014, Schl\u00f6sschen im Hofgarten, Wertheim \u201eHeinrich Zille (1858-1929)\u201c.<br \/>\n\u2022\t13. November 2014, Goethe- Museum ,\u201c Marianne von Willemer und Goethe im Spiegel des &#8218;West-\u00f6stlichen Divans\u201c.<br \/>\n\u2022\t3. Dezember 2014, Museum Kronberger Malerkolonie, \u201eMeisterhafte Portraits<br \/>\nder F\u00fcrstenmaler im 19. Jahrhundert\u201c.<\/p>\n<p>Seite 2\/<\/p>\n<p>2<\/p>\n<p>Die  geplante Ausstellung  von Fritz B\u00f6hle  (1873-1916) in der Paulskirche  Frankfurt konnten wir leider wegen hoher Mietkosten (mehr als Euro 1500.- pro Woche) im Jahre 2014 nicht verwirklichen. Wir werden uns dennoch um  andere passende R\u00e4umlichkeiten, die nicht so teuer sind bem\u00fchen, und die Ausstellung zu einem sp\u00e4teren Zeitpunkt  organisieren.<\/p>\n<p>Im n\u00e4chsten  Jahr  freuen wir uns sehr, den in Frankfurt geborene Maler und Zeichner Albert<br \/>\nHendschel (1834-1883) zu pr\u00e4sentieren. Diese Ausstellung wird in Zusammenarbeit mit dem Verein Freunde Frankfurts durchgef\u00fchrt. Wir bedanken uns schon im Voraus f\u00fcr die freundliche Unterst\u00fctzung bei der Gesch\u00e4ftsf\u00fchrerin, Frau Dr. Dr. Deppert-Lippitz  bei Herrn Jens Giessen und bei Frau Emeli Itschert, der Urgro\u00dfnichte des K\u00fcnstlers.<\/p>\n<p>Unsere Gesamtvorstandsitzung wird am 21 Januar 2015 im Cronstetten-Haus stattfinden.<br \/>\nDie Museumsgruppe wird sich Mitte Januar wieder treffen. Die Einladungen mit den genauen Angaben werden an Alle Anfang Januar zugesandt.<\/p>\n<p>Wir w\u00fcnschen Ihnen und Ihrer Familie ein gesegnetes und friedliches Weihnachtsfest und ein gesundes, gl\u00fcckliches Neues Jahr<\/p>\n<p>Herzliche Weihnachtsgr\u00fc\u00dfe,<\/p>\n<p>Daria Bottero-Heller\t\t\t\t\t\t\tWilli M\u00fcller<\/p>\n","protected":false},"excerpt":{"rendered":"<p>Sehr geehrte Damen und Herren, liebe Kunstfreunde, bevor Sie in den wohlverdienten Weihnachtsurlaub gehen und sich der Familie und den Freunden widmen, m\u00f6chte ich Ihnen f\u00fcr Ihr Vertrauen und Ihre Mithilfe zum erfolgreichen Bestehen des Vereins danken. Wir hoffen, dass &hellip; <a href=\"https:\/\/www.frankfurter-malerei.de\/?p=815\">Weiterlesen <span class=\"meta-nav\">&rarr;<\/span><\/a><\/p>\n","protected":false},"author":2,"featured_media":0,"comment_status":"closed","ping_status":"open","sticky":false,"template":"","format":"standard","meta":{"rank_math_lock_modified_date":false,"footnotes":""},"categories":[24],"tags":[],"class_list":["post-815","post","type-post","status-publish","format-standard","hentry","category-rundschreiben-3-2018"],"_links":{"self":[{"href":"https:\/\/www.frankfurter-malerei.de\/index.php?rest_route=\/wp\/v2\/posts\/815","targetHints":{"allow":["GET"]}}],"collection":[{"href":"https:\/\/www.frankfurter-malerei.de\/index.php?rest_route=\/wp\/v2\/posts"}],"about":[{"href":"https:\/\/www.frankfurter-malerei.de\/index.php?rest_route=\/wp\/v2\/types\/post"}],"author":[{"embeddable":true,"href":"https:\/\/www.frankfurter-malerei.de\/index.php?rest_route=\/wp\/v2\/users\/2"}],"replies":[{"embeddable":true,"href":"https:\/\/www.frankfurter-malerei.de\/index.php?rest_route=%2Fwp%2Fv2%2Fcomments&post=815"}],"version-history":[{"count":5,"href":"https:\/\/www.frankfurter-malerei.de\/index.php?rest_route=\/wp\/v2\/posts\/815\/revisions"}],"predecessor-version":[{"id":1230,"href":"https:\/\/www.frankfurter-malerei.de\/index.php?rest_route=\/wp\/v2\/posts\/815\/revisions\/1230"}],"wp:attachment":[{"href":"https:\/\/www.frankfurter-malerei.de\/index.php?rest_route=%2Fwp%2Fv2%2Fmedia&parent=815"}],"wp:term":[{"taxonomy":"category","embeddable":true,"href":"https:\/\/www.frankfurter-malerei.de\/index.php?rest_route=%2Fwp%2Fv2%2Fcategories&post=815"},{"taxonomy":"post_tag","embeddable":true,"href":"https:\/\/www.frankfurter-malerei.de\/index.php?rest_route=%2Fwp%2Fv2%2Ftags&post=815"}],"curies":[{"name":"wp","href":"https:\/\/api.w.org\/{rel}","templated":true}]}}