{"id":912,"date":"2015-11-02T17:09:26","date_gmt":"2015-11-02T16:09:26","guid":{"rendered":"http:\/\/www.frankfurter-malerei.de\/?p=912"},"modified":"2019-02-18T16:45:35","modified_gmt":"2019-02-18T15:45:35","slug":"rundschreiben-32015","status":"publish","type":"post","link":"https:\/\/www.frankfurter-malerei.de\/?p=912","title":{"rendered":"Rundschreiben 3\/2015"},"content":{"rendered":"<p>Sehr geehrte Damen und Herren, liebe Kunstfreunde,<br \/>\nerstaunlich p\u00fcnktlich mit den ersten goldenen Bl\u00e4ttern ist der Herbst eingekehrt, so bleibt der warme Sommer eine sch\u00f6ne Erinnerung und wir hoffen, dass Sie viele erlebnisreiche Tage in bester Gesundheit verbracht haben.<\/p>\n<p>Am 17. Juli 2015 haben wir unser erstes Sommerfest bei unserem hochgesch\u00e4tzten<br \/>\nSchatzmeister, Herrn Helmut Reifschneider, gefeiert.<br \/>\nEs war ein Abend voller \u00dcberraschungen und Staunen. Nicht nur die R\u00e4umlichkeiten<br \/>\nhaben den perfekten Rahmen geliefert, sondern auch die Samba-Show mit professionellen Sambat\u00e4nzerinnen aus Brasilien haben dem Abend  einen besonderen exotischen Flair verliehen. Auch die Kunst ist nicht zu kurz gekommen, so hat die  Kunsthistorikerin, Frau Caroline Hero, \u00fcber den Architekten Paul Wallot (1814-1912) referiert. Ber\u00fchmt wurde er mit dem Bau des Reichstages in Berlin (1884-1894). In Frankfurt hat er ab 1868 zusammen mit dem Architekten  Heinrich Burnitz, ein Cousin des Frankfurter Malers Peter Burnitz, gearbeitet. Sp\u00e4ter machte er sich  als Architekt  selbstst\u00e4ndig und  wurde mit der Gestaltung von pr\u00e4chtigen Wohn- und Gesch\u00e4ftsh\u00e4usern beauftragt, die das Stadtbild von Frankfurt bis zum zweiten Weltkrieg pr\u00e4gten. Unter den wenigen bis heute erhaltenen Geb\u00e4uden ist auch das Haus von Herrn Helmut Reifschneider in der Schwindstra\u00dfe, dessen Fassaden mit Balkongittern im Stil der Neurenaissance noch erhalten sind.<br \/>\nWir bedanken uns recht herzlich bei Herrn Helmut Reifschneider und Frau Caroline Hero f\u00fcr den \u00fcberaus gelungenen zauberhaften Abend.<\/p>\n<p>Wir sind auch dem Ehepaar  Edeltraud und Wolfgang Stegemann sehr dankbar, das am Samstag und Sonntag, dem 22. und 23. August 2015, zum f\u00fcnfzigsten Todestag, des Frankfurter Malers Friedrich Fauldrath (1889-1966) seine Werke, die auch zu Ihrer Sammlung geh\u00f6ren, in Ihren R\u00e4umen in der Seiler Str. 17 in Frankfurt pr\u00e4sentiert haben.<\/p>\n<p>Mit einem ausgiebigen Programm haben wir vom 11. bis 14. September 2015 Berlin besucht. Nach einer Schiffsrundfahrt  auf der Spree und einem gemeinsamen Abend in dem historischen Restaurant \u201eGanymed\u201c haben wir am Samstag, dem 12. September 2015, die Museuminsel besucht  mit F\u00fchrungen in mehreren Museen. Zum Abschluss konnten wir noch die Ausstellung \u201eImpressionismus \u2013 Expressionismus. Kunstwende\u201c (Imex) in der Alten National-Galerie besichtigen. An dem darauffolgenden Sonntag haben wir gemeinsam Potsdam besucht und  am Abend ein ausgezeichnetes Konzert in der Berliner Philharmonie genossen. Am letzten Tag konnten wir die Villa  Max Liebermanns (1847-1935), Mitbegr\u00fcnder und Vorsitzender der Berliner Sezession, am Wannsee besichtigen.<br \/>\nWir bedanken uns bei allen Teilnehmern, die dazu beigetragen haben, dass es vier so interessante Tage wurden.<br \/>\nInsbesondere bedanken wir uns sehr herzlich bei Frau Prof. Monika Oppel, Frau Elke Skrutzny und Frau Monika Ilkenhans f\u00fcr die wertvollen Vorschl\u00e4ge bei der Vorbereitung dieser  Berlinexkursion.<br \/>\nIn Erinnerung an diese, haben wir am Samstag, dem 26. September,  mit der Museumgruppe das Museum \u201eSchl\u00f6sschen im Hofgarten\u201c, mit der Sonderausstellung \u201e Gotthardt Kuehl, Wilhelm Tr\u00fcbner, Heinrich Breling \u2013 drei Maler des deutschen Impressionismus im Umkreis Max Liebermanns\u201c, besucht. Dieses Museum ist f\u00fcr uns sehr wichtig, weil diese hochrangige Kunstsammlungen, wie die Stiftung Wolfgang Schuller mit Gem\u00e4lden und Aquarellen der Berliner Sezession, beherbergt. Gerne sind wir bereit hin und wieder die Sonderausstellungen zu diesem Thema  oder zum Deutschen Impressionismus zu besuchen.<\/p>\n<p>Bevor wir zu den aktuellen Informationen zur Adventzeit kommen, m\u00f6chten wir Sie noch<br \/>\nauf zwei Termine aufmerksam machen.<\/p>\n<p>Am Freitag, dem 6. November, zwischen 14 &#8211; 19 Uhr und Samstag, dem 7. November, zwischen 11 &#8211; 16 Uhr  werden in den Galerier\u00e4umen des Kunsthandels Joseph Fach, Am Weingarten 7, 60478 Frankfurt am Main,  ausgew\u00e4hlte Objekte aus dessen Bestand zu reduzierten Preisen angeboten.<\/p>\n<p>Am  Sonntag, dem15. November 2015, von 10:00 bis 15:00 Uhr,  haben Sie noch zum letzten Mal in diesem Jahre die Gelegenheit im Clubraum der Miriam Gemeinde im Kirchhofweg 11, in Frankfurt Bonames, unbekannte Gem\u00e4lde Friedrich Fauldraths von anderen Sammlern zu sehen.<\/p>\n<p>Zum ersten Advent (Sonntag den  29. November 2015), um 15:00 Uhr, laden wir Sie mit den Bewohnern  des Cronstetten-Hauses  zum traditionellen Adventstreffen  herzlich ein. Wir werden ein festliches Konzert h\u00f6ren, ein St\u00fcck selbstgebackenen  Kuchen und Dresdener Christstollen genie\u00dfen und lebhafte Gespr\u00e4che f\u00fchren. Wir bitten um Ihre telefonische<br \/>\nAnmeldung bis zum 25. November 2015 unter der Telefonnummer 06102-26223.<\/p>\n<p>Am Samstag, dem 5. Dezember 2015, um 14:30 Uhr, sind in der Streitkirche, Tanzhausstra\u00dfe 1 a \u2013 61476 Kronberg,  nicht nur die Teilnehmer der Museumsgruppe zum Besuch, sondern alle interessierten Mitglieder zu der  \u201eAusstellung \u201e Zur\u00fcck zur Natur \u2013 Die Kronberger K\u00fcnstlerkolonie und die Schule von Barbizon\u201c, herzlich eingeladen. Die F\u00fchrung durch die Ausstellung wird Herr Hans Robert Philippi, Vorsitzender der Museumgesellschaft, \u00fcbernehmen.<br \/>\nUm 16:00 Uhr werden wir mit F\u00fchrung gemeinsam das Schloss Friedrichshof (heute Schlosshotel) besuchen und anschlie\u00dfend k\u00f6nnen wir zu einem gem\u00fctlichen Beisammensein bei Kaffee und Kuchen den Nachmittag  am Kamin des Schlosses ausklingeln lassen. Interessenten werden gebeten  sich bis zum 25. November unter der Telefonnummer 06102-26223 anzumelden.<\/p>\n<p>Auktionshaus D\u00f6britz: (Tel: 069-287733), Braubachstr.10, 60311 Frankfurt<br \/>\n183. Kunstauktion am Samstag, dem 14.. November  2015,.<\/p>\n<p>Auktionshaus Arnold: ( Tel: 069-282779), Bleichstr. 440-42, 60313 Frankfurt<br \/>\nAlte Kunst und Antiquit\u00e4ten, am Samstag, dem 21. November 2015.<br \/>\nModerne und Zeitgen\u00f6ssische Kunst, am Samstag, dem 28. November 2015.<\/p>\n<p>Wir w\u00fcnschen Ihnen einen sonnigen Herbst und eine sch\u00f6ne Adventzeit.<\/p>\n<p>Mit freundlichen Gr\u00fc\u00dfen<\/p>\n<p>Daria Bottero-Heller\t\t\t\t\t\t\tWilli M\u00fcller<\/p>\n","protected":false},"excerpt":{"rendered":"<p>Sehr geehrte Damen und Herren, liebe Kunstfreunde, erstaunlich p\u00fcnktlich mit den ersten goldenen Bl\u00e4ttern ist der Herbst eingekehrt, so bleibt der warme Sommer eine sch\u00f6ne Erinnerung und wir hoffen, dass Sie viele erlebnisreiche Tage in bester Gesundheit verbracht haben. Am &hellip; <a href=\"https:\/\/www.frankfurter-malerei.de\/?p=912\">Weiterlesen <span class=\"meta-nav\">&rarr;<\/span><\/a><\/p>\n","protected":false},"author":2,"featured_media":0,"comment_status":"closed","ping_status":"open","sticky":false,"template":"","format":"standard","meta":{"rank_math_lock_modified_date":false,"footnotes":""},"categories":[24],"tags":[],"class_list":["post-912","post","type-post","status-publish","format-standard","hentry","category-rundschreiben-3-2018"],"_links":{"self":[{"href":"https:\/\/www.frankfurter-malerei.de\/index.php?rest_route=\/wp\/v2\/posts\/912","targetHints":{"allow":["GET"]}}],"collection":[{"href":"https:\/\/www.frankfurter-malerei.de\/index.php?rest_route=\/wp\/v2\/posts"}],"about":[{"href":"https:\/\/www.frankfurter-malerei.de\/index.php?rest_route=\/wp\/v2\/types\/post"}],"author":[{"embeddable":true,"href":"https:\/\/www.frankfurter-malerei.de\/index.php?rest_route=\/wp\/v2\/users\/2"}],"replies":[{"embeddable":true,"href":"https:\/\/www.frankfurter-malerei.de\/index.php?rest_route=%2Fwp%2Fv2%2Fcomments&post=912"}],"version-history":[{"count":2,"href":"https:\/\/www.frankfurter-malerei.de\/index.php?rest_route=\/wp\/v2\/posts\/912\/revisions"}],"predecessor-version":[{"id":1227,"href":"https:\/\/www.frankfurter-malerei.de\/index.php?rest_route=\/wp\/v2\/posts\/912\/revisions\/1227"}],"wp:attachment":[{"href":"https:\/\/www.frankfurter-malerei.de\/index.php?rest_route=%2Fwp%2Fv2%2Fmedia&parent=912"}],"wp:term":[{"taxonomy":"category","embeddable":true,"href":"https:\/\/www.frankfurter-malerei.de\/index.php?rest_route=%2Fwp%2Fv2%2Fcategories&post=912"},{"taxonomy":"post_tag","embeddable":true,"href":"https:\/\/www.frankfurter-malerei.de\/index.php?rest_route=%2Fwp%2Fv2%2Ftags&post=912"}],"curies":[{"name":"wp","href":"https:\/\/api.w.org\/{rel}","templated":true}]}}