{"id":917,"date":"2016-01-12T18:29:16","date_gmt":"2016-01-12T17:29:16","guid":{"rendered":"http:\/\/www.frankfurter-malerei.de\/?p=917"},"modified":"2019-02-18T16:44:53","modified_gmt":"2019-02-18T15:44:53","slug":"rundschreiben-042015","status":"publish","type":"post","link":"https:\/\/www.frankfurter-malerei.de\/?p=917","title":{"rendered":"Rundschreiben 04\/2015"},"content":{"rendered":"<p>Sehr geehrte Damen und Herren,<br \/>\nliebe Kunstfreunde,<\/p>\n<p>in wenigen Tagen ist Weihnachten und der Jahreswechsel steht bevor. Wir hoffen,<br \/>\nSie erleben eine sch\u00f6ne Adventszeit, damit Sie sich in Ruhe auf die Festtage vorbereiten und einstimmen k\u00f6nnen.<\/p>\n<p>Wie bereits  in den vergangenen Jahren, haben wir gemeinsam mit den Bewohnern des Cronstetten-Hauses am Sonntag, dem  29. November 2015, den 1. Advent in feierlicher Stimmung verbracht. Zu dieser Feier haben unsere Mitglieder ma\u00dfgeblich beigetragen. Wir bedanken uns  insbesondere bei  Herrn Clemens Brendel, der f\u00fcr uns mit Bravour am Klavier wundersch\u00f6ne Musikst\u00fccke von Wolfgang Amedeo Mozart und Peter Tchaikovsky gespielt hat. Wir m\u00f6chten uns auch bei  Herrn Norbert Bohn herzlich bedanken, der in diesem Jahr die Kosten f\u00fcr den Sektempfang  \u00fcbernommen hat. Nicht zu vergessen all unsere flei\u00dfigen Damen. Dank gilt Ihnen  f\u00fcr die schmackhaften selbstgebackenen Kuchen, was  schon eine Tradition geworden ist.<\/p>\n<p>Als Abschluss eines erfolgreichen Jahres hat sich die Museumgruppe  am Samstag, dem 5. Dezember 2015,  in Kronberg getroffen und die Ausstellung \u201eZur\u00fcck zur Natur: Die Kronberger K\u00fcnstlerkolonie und die Schule von Barbizon\u201c in der Streitkirche in Kronberg besucht. An dieser Stelle m\u00f6chten  wir uns bei dem  1. Vorsitzenden der Museumgesellschaft, Herrn Robert Philippi, f\u00fcr die ausf\u00fchrliche und interessante F\u00fchrung durch die Ausstellung herzlich bedanken.<br \/>\nAm Ende des Nachmittags  konnten wir noch mit einer Schlossf\u00fchrung das Schloss Friedrichshof (Schlosshotel Kronberg) besichtigen und nach der Einladung von Herrn Helmut Reifschneider, konnten wir vor  dem sch\u00f6nen Kamin, unter dem Weihnachtsbaum ein feines Gl\u00e4schen Sekt zur Einstimmung der kommenden Festtage genie\u00dfen.<\/p>\n<p>Unsere Museumbesuche  gewinnen immer mehr an Beliebtheit  und die Museumgruppe  findet  weitere Interessenten. Auf Anregung  unseres Museumgruppenleiters, Herrn Helmut Reifschneider und mit Einverst\u00e4ndnis des Vorstandes, werden wir  einmal  pro Monat in Frankfurt oder dessen Umgebung eine Ausstellung besuchen, insbesondere  mit Werken von K\u00fcnstlern des19. und 20.Jahrhunderts.<\/p>\n<p>Hier finden Sie einen R\u00fcckblick auf unsere Museumbesuche in diesem Jahr 2015.<br \/>\n\u2022\t14. Januar 2015, \u201eHans Christiansen, die Retrospektive\u201c ,Museum K\u00fcnstler Kolonie Darmstadt.<br \/>\n\u2022\t04. Februar 2015, \u201eAlbrecht Altd\u00f6rfer und das Expressive in der Kunst um 1500\u201c.<br \/>\n\u2022\t01. M\u00e4rz 2015, \u201eClaude Monet\u201c, St\u00e4delmuseum, Frankfurt.<br \/>\n\u2022\t22. April 2015, \u201eRomantik im Rhein Main Gebiet\u201c Museum Giersch, Frankfurt.<br \/>\n\u2022\t10. Juni 2015, \u201eK\u00fcnstler und Propheten\u201c Kunsthalle Schirn, Frankfurt.<br \/>\n\u2022\t25.September 2015, \u201eDrei Maler des deutschen Impressionismus im Umkreis<br \/>\nVon Max Liebermann\u201c Schl\u00f6sschen Hofgarten in Wertheim.<br \/>\n\u2022\t14. Oktober 2015, \u201eDie Retrospektive Reinhold Ewald\u201c, Museum Giersch.<br \/>\n\u2022\t14. November  2015, \u201e\u201cMax Beckmann kommt nach Frankfurt\u201c, Karmeliterkloster  Frankfurt.<br \/>\n\u2022\t05. Dezember 2015, \u201eZur\u00fcck zur Natur. Die Kronberger  K\u00fcnstlerkolonie und die<br \/>\nSchule von Barbizon\u201c in der Streitkirche, Kronberg.<\/p>\n<p>\u2022\t21. Januar 2015, Gesamtvorstandssitzung.<br \/>\n\u2022\t04. M\u00e4rz 2015, Mitgliederversammlung.<br \/>\n\u2022\t15. April 2015, Er\u00f6ffnung der Ausstellung \u201eK\u00f6nigstein\u201c,.<br \/>\n\u2022\t06. Mai 2015, Rundgang auf der Mathildenh\u00f6he in Darmstadt.<br \/>\n\u2022\t16. Mai 2015, Besuch des Brentano-Hauses  in Oestrich Winkel, einst Sommersitz der Familie<br \/>\nBrentano.<br \/>\n\u2022\t30. Mai 2015, Besuch des Museums der Stadt Alzenau in Alzenau-Michelbach auf den Spuren von<\/p>\n<p>\u2022\t11. bis 14. September 2015, Exkursion in Berlin.<br \/>\n\u2022\t30. September 2015, Gesamtvorstandssitzung.<br \/>\n\u2022\t29. November 2015, Adventsfeier.<br \/>\n\u2022\t05. Dezember 2015 , Besichtigung des Schlosses Friedrichhof in Kronberg.<\/p>\n<p>Wir freuen uns, dass wir f\u00fcr Sie auch in diesem Jahr ein ausf\u00fchrliches Programm zusammenstellen konnten und wir hoffen mit dem neuen Direktor des Cronstetten-Hauses, Herrn Dr. Frank Hinrichs,  im n\u00e4chsten Jahr unsere Vortragsreihen \u00fcber die Frankfurter Malerei  fortsetzen k\u00f6nnen. In diesem Jahr haben wir den K\u00fcnstler Friedrich Fauldrath (1886-1965), durch die Unterst\u00fctzung von  Frau Cornelia Picard, Stadtteilhistorikerin, und durch die Familie Stegemann ohne erhebliche Kosten vorgestellt. Somit  konnten wir auf einen Spendenaufruf verzichten.<\/p>\n<p>Im  n\u00e4chsten Jahr m\u00fcssen wir  alles daran setzen, dass eine gro\u00dfe Ausstellung, zu den Einladungskarten, Flyers oder sogar mit einem Katalog geworben werden kann. Um das  verwirklichen zu k\u00f6nnen sind wir auf Ihre Hilfe angewiesen. Ob eine kleine Zuwendung oder eine gro\u00dfz\u00fcgige Spende, jeder Beitrag z\u00e4hlt um gemeinsam, eine  wichtige Arbeit f\u00fcr den Verein zu sichern. Gerne k\u00f6nnen Sie den beigelegten \u00dcberweisungstr\u00e4ger verwenden. Sofern eine Spendenquittung gew\u00fcnscht wird, bitten wir Sie uns zu informieren.<\/p>\n<p>Wir w\u00fcnschen Ihnen, dass Sie auch in diesem Jahr die Weihnachtsfeiertage und den Jahreswechsel bei  guter Gesundheit im Kreise Ihrer Familie entspannt verbringen k\u00f6nnen<\/p>\n<p>Mit weihnachtlichen  Gr\u00fc\u00dfen<\/p>\n<p>Daria Bottero-Heller\t\t\t\t\t\t\tWilli M\u00fcller<br \/>\n1.Vorsitzende\t\t\t\t\t\t\t        2. Vorsitzender<\/p>\n","protected":false},"excerpt":{"rendered":"<p>Sehr geehrte Damen und Herren, liebe Kunstfreunde, in wenigen Tagen ist Weihnachten und der Jahreswechsel steht bevor. Wir hoffen, Sie erleben eine sch\u00f6ne Adventszeit, damit Sie sich in Ruhe auf die Festtage vorbereiten und einstimmen k\u00f6nnen. Wie bereits in den &hellip; <a href=\"https:\/\/www.frankfurter-malerei.de\/?p=917\">Weiterlesen <span class=\"meta-nav\">&rarr;<\/span><\/a><\/p>\n","protected":false},"author":2,"featured_media":0,"comment_status":"closed","ping_status":"open","sticky":false,"template":"","format":"standard","meta":{"rank_math_lock_modified_date":false,"footnotes":""},"categories":[24],"tags":[],"class_list":["post-917","post","type-post","status-publish","format-standard","hentry","category-rundschreiben-3-2018"],"_links":{"self":[{"href":"https:\/\/www.frankfurter-malerei.de\/index.php?rest_route=\/wp\/v2\/posts\/917","targetHints":{"allow":["GET"]}}],"collection":[{"href":"https:\/\/www.frankfurter-malerei.de\/index.php?rest_route=\/wp\/v2\/posts"}],"about":[{"href":"https:\/\/www.frankfurter-malerei.de\/index.php?rest_route=\/wp\/v2\/types\/post"}],"author":[{"embeddable":true,"href":"https:\/\/www.frankfurter-malerei.de\/index.php?rest_route=\/wp\/v2\/users\/2"}],"replies":[{"embeddable":true,"href":"https:\/\/www.frankfurter-malerei.de\/index.php?rest_route=%2Fwp%2Fv2%2Fcomments&post=917"}],"version-history":[{"count":2,"href":"https:\/\/www.frankfurter-malerei.de\/index.php?rest_route=\/wp\/v2\/posts\/917\/revisions"}],"predecessor-version":[{"id":1226,"href":"https:\/\/www.frankfurter-malerei.de\/index.php?rest_route=\/wp\/v2\/posts\/917\/revisions\/1226"}],"wp:attachment":[{"href":"https:\/\/www.frankfurter-malerei.de\/index.php?rest_route=%2Fwp%2Fv2%2Fmedia&parent=917"}],"wp:term":[{"taxonomy":"category","embeddable":true,"href":"https:\/\/www.frankfurter-malerei.de\/index.php?rest_route=%2Fwp%2Fv2%2Fcategories&post=917"},{"taxonomy":"post_tag","embeddable":true,"href":"https:\/\/www.frankfurter-malerei.de\/index.php?rest_route=%2Fwp%2Fv2%2Ftags&post=917"}],"curies":[{"name":"wp","href":"https:\/\/api.w.org\/{rel}","templated":true}]}}