{"id":926,"date":"2016-04-13T16:58:47","date_gmt":"2016-04-13T15:58:47","guid":{"rendered":"http:\/\/www.frankfurter-malerei.de\/?p=926"},"modified":"2019-02-18T16:44:06","modified_gmt":"2019-02-18T15:44:06","slug":"rundschreiben-012016","status":"publish","type":"post","link":"https:\/\/www.frankfurter-malerei.de\/?p=926","title":{"rendered":"Rundschreiben 01\/2016"},"content":{"rendered":"<p>Sehr geehrte Damen und Herren,<br \/>\nliebe Kunstfreunde,<\/p>\n<p>die Tage werden wieder l\u00e4nger, und es wird w\u00e4rmer, eine Jahreszeit, in der sich langsam<br \/>\nder Abschied des Winters ank\u00fcndigt und der Fr\u00fchling l\u00e4sst nicht l\u00e4nger auf sich warten.<br \/>\nWir hoffen, dass Sie den Winter bei bester Gesundheit \u00fcberstanden haben und sich auf die warmen Tage freuen.<\/p>\n<p>Eine wichtige Basis f\u00fcr die Vereinsarbeit sind nicht nur die Mitgliedsbeitr\u00e4ge, sondern auch<br \/>\nSpenden, die unsere Projekte unterst\u00fctzen. Im Namen des Vorstandes m\u00f6chte ich mich bei denjenigen, die unserem Aufruf gefolgt sind, herzlich bedanken. Ihre finanzielle Hilfe ist<br \/>\neine gro\u00dfe Unterst\u00fctzung f\u00fcr den organisatorischen Ablauf unserer n\u00e4chsten Ausstellung und<br \/>\ndie Fortsetzung unserer Arbeit.<\/p>\n<p>Die diesj\u00e4hrige Mitgliederversammlung wird am Mittwoch, dem 09. M\u00e4rz, ab 16:00 Uhr<br \/>\nIm Cronstetten-Haus, Speicherstrasse 39-47, Frankfurt, stattfinden. Wir freuen uns auf<br \/>\nIhre Teilnahme. Einladungen dazu sind hier beigef\u00fcgt.<\/p>\n<p>Nach dem Besuch der Ausstellungen \u201eKarl Schmidt Rottluf\u201c im Museum Wiesbaden,<br \/>\n\u201eSturm  Frauen\u201c in der Kunsthalle Schirn  und \u201eManiera\u201c im St\u00e4delmuseum  wird die Museum-<br \/>\ngruppe  am 27. April 2016, wieder in Wiesbaden, die Ausstellung \u201eAus dem Neunzehnten \u2013 Von Schadow bis Schuch\u201c besuchen. Einladungen werden den Mitgliedern der Museumgruppe gesondert zugehen.<\/p>\n<p>Wir feiern in diesem Jahr den 100. Todestag des Malers, Zeichners und Bildhauers Fritz<br \/>\nBoehle (1873-1916). Aus diesem Anlass werden wir  am  Samstag, dem  7. Mai 2016, seine<br \/>\nGeburtsstadt Emmendingen, nicht weit von Freiburg entfernt, besuchen. Dort werden wir das Geburtshaus Fritz Boehles besichtigen und die M\u00f6glichkeit haben, Gem\u00e4lde des K\u00fcnstlers zu sehen, die bisher in Frankfurt  noch nicht gezeigt wurden. Je nach Teilnehmerzahl werden wir entscheiden, ob wir mit einem gemeinsamen Bus, mit dem eigenen Auto oder mit dem Zug fahren werden. Interessierte Personen bitten wir bis zum 15. M\u00e4rz 2016 sich unter der Telefonnummer 06102-26223 oder mit E-Mail: daria.heller@ gmx.de anzumelden.<\/p>\n<p>Am Samstag, dem 11. Juni 2016, werden wir mit den Bewohnern des Cronstetten-Hauses<br \/>\ndie Stadt Fulda und das Schloss Fasanerie besuchen. Dort ist  ein gro\u00dfer Teil der Kunstsammlung des Hauses Hessen ausgestellt. Auch dazu m\u00f6chte ich Sie bitten, Ihre Teilnahme bis zum 15. M\u00e4rz 2016 zu melden.<\/p>\n<p>Wir freuen uns, dass der Vorstand in diesem Jahr sich f\u00fcr eine Exkursion vom 15. bis<br \/>\n18. September nach Wien entschieden hat. In den vier Tagen werden wir, unter anderen,<br \/>\ndie Albertina, Schloss Belvedere mit Gustav Klimts gr\u00f6\u00dfter Sammlung, darunter der weltbe-<br \/>\nr\u00fchmte \u201eKuss\u201c und das Wiener Secessionsgeb\u00e4ude mit der Ausstellung \u201eVom Ende zum<br \/>\nAnfang: Seurat, Signac, Matisse und Picasso: Stationen und Sonderwege  des Pointil-<br \/>\nIismus\u201c besuchen.<\/p>\n<p>Verbindliche Anmeldungen  zu diesem Vorhaben bitte ich Sie, bis zum 15. M\u00e4rz 2016 schriftlich, unter Benutzung des beigef\u00fcgten Formulars, mir zu zusenden<\/p>\n<p>Sobald das Wetter w\u00e4rmer wird, werden wir  das  Atelier unserer Malerin, dem langj\u00e4hrigen  Mitglied des Vereins, Frau Helga Barth, in Schotten besuchen. Anmeldungen werden bis zum 15. M\u00e4rz 2016 erbeten. Der genaue Termin wird noch mitgeteilt.<\/p>\n<p>Die Mitgliedsbeitr\u00e4ge werden im Monat April eingezogen. F\u00fcr diejenigen,  die keine Einzugs-<br \/>\nErm\u00e4chtigung haben, wollen wir noch an unsere IBAN Nr. erinnern:<\/p>\n<p>DE14 5001 0060 0165 1336 02<\/p>\n<p>Gerne geben wir Ihnen, wie immer, die Auktionstermine der Auktionsh\u00e4user D\u00f6britz und Ar-<br \/>\nnold f\u00fcr die Monate M\u00e4rz, April und Juni 2016 bekannt:<\/p>\n<p>Auktionshaus D\u00f6britz: (Tel: 069-287733), Braubachstr.10, 60311 Frankfurt.<br \/>\n184.Kunstauktion am Samstag, dem 12.. M\u00e4rz  2016.<br \/>\n19. Hafen-Auktion am Samstag, dem 16.April 2016.<br \/>\n185. Kunstauktion am Samstag, dem 11. Juni 2016.<\/p>\n<p>Auktionshaus Arnold: (Tel: 069-282779), Bleichstr. 40-42, 60313 Frankfurt<br \/>\nSchmuck, Uhren und M\u00fcnzen, am Samstag, dem 5. M\u00e4rz 2016.<br \/>\nAlte Kunst und Antiquit\u00e4ten, am Samstag, dem 30. April. 2016.<\/p>\n<p>Wir w\u00fcnschen Ihnen  sch\u00f6ne Fr\u00fchlings- und Ostertage.<\/p>\n<p>Mit freundlichen Gr\u00fc\u00dfen<\/p>\n<p>Daria Bottero-Heller\t\t\t\t\t\t\t  Willi M\u00fcller<br \/>\n1. Vorsitzende\t\t\t\t\t\t\t\t 2. Vorsitzender<\/p>\n","protected":false},"excerpt":{"rendered":"<p>Sehr geehrte Damen und Herren, liebe Kunstfreunde, die Tage werden wieder l\u00e4nger, und es wird w\u00e4rmer, eine Jahreszeit, in der sich langsam der Abschied des Winters ank\u00fcndigt und der Fr\u00fchling l\u00e4sst nicht l\u00e4nger auf sich warten. Wir hoffen, dass Sie &hellip; <a href=\"https:\/\/www.frankfurter-malerei.de\/?p=926\">Weiterlesen <span class=\"meta-nav\">&rarr;<\/span><\/a><\/p>\n","protected":false},"author":2,"featured_media":0,"comment_status":"closed","ping_status":"open","sticky":false,"template":"","format":"standard","meta":{"rank_math_lock_modified_date":false,"footnotes":""},"categories":[24],"tags":[],"class_list":["post-926","post","type-post","status-publish","format-standard","hentry","category-rundschreiben-3-2018"],"_links":{"self":[{"href":"https:\/\/www.frankfurter-malerei.de\/index.php?rest_route=\/wp\/v2\/posts\/926","targetHints":{"allow":["GET"]}}],"collection":[{"href":"https:\/\/www.frankfurter-malerei.de\/index.php?rest_route=\/wp\/v2\/posts"}],"about":[{"href":"https:\/\/www.frankfurter-malerei.de\/index.php?rest_route=\/wp\/v2\/types\/post"}],"author":[{"embeddable":true,"href":"https:\/\/www.frankfurter-malerei.de\/index.php?rest_route=\/wp\/v2\/users\/2"}],"replies":[{"embeddable":true,"href":"https:\/\/www.frankfurter-malerei.de\/index.php?rest_route=%2Fwp%2Fv2%2Fcomments&post=926"}],"version-history":[{"count":2,"href":"https:\/\/www.frankfurter-malerei.de\/index.php?rest_route=\/wp\/v2\/posts\/926\/revisions"}],"predecessor-version":[{"id":1225,"href":"https:\/\/www.frankfurter-malerei.de\/index.php?rest_route=\/wp\/v2\/posts\/926\/revisions\/1225"}],"wp:attachment":[{"href":"https:\/\/www.frankfurter-malerei.de\/index.php?rest_route=%2Fwp%2Fv2%2Fmedia&parent=926"}],"wp:term":[{"taxonomy":"category","embeddable":true,"href":"https:\/\/www.frankfurter-malerei.de\/index.php?rest_route=%2Fwp%2Fv2%2Fcategories&post=926"},{"taxonomy":"post_tag","embeddable":true,"href":"https:\/\/www.frankfurter-malerei.de\/index.php?rest_route=%2Fwp%2Fv2%2Ftags&post=926"}],"curies":[{"name":"wp","href":"https:\/\/api.w.org\/{rel}","templated":true}]}}